{"id":9408,"date":"2018-08-20T14:31:39","date_gmt":"2018-08-20T14:31:39","guid":{"rendered":"http:\/\/timesnews.ro\/?p=9408"},"modified":"2018-08-20T14:31:39","modified_gmt":"2018-08-20T14:31:39","slug":"aurelian-temisan-si-ilinca-avram-prezinta-prima-seara-a-festivalului-cerbul-de-aur","status":"publish","type":"post","link":"https:\/\/timesnews.ro\/?p=9408","title":{"rendered":"Aurelian Temi\u015fan \u015fi Ilinca Avram prezint\u0103 prima sear\u0103 a Festivalului Cerbul de Aur"},"content":{"rendered":"<p><strong>Prima sear\u0103 a Festivalului Cerbul de Aur \u00eei aduce al\u0103turi pe Ilinca Avram, prezentatoarea matinalului de la TVR Moldova \u015fi Aurelian Temi\u015fan. Ea blond\u0103, el brunet, ea moldoveanc\u0103 din Basarabia, el oltean de la Craiova, ea firav\u0103 \u015fi delicat\u0103, el \u00eenalt \u015fi puternic. Am\u00e2ndoi, \u00eens\u0103, arti\u015fti obi\u015fnui\u0163i cu scena \u015fi publicul. Ilinca \u015fi Aurelian sunt cei doi prezentatori ai spectacolului ce deschide edi\u0163ia aniversar\u0103 Cerbul de Aur 2018.<\/strong><br \/>\n<img loading=\"lazy\" decoding=\"async\" src=\"http:\/\/timesnews.ro\/wp-content\/uploads\/2018\/08\/Ilinca-Avram-Foto-Roman-Friptuleac-293x300.jpg\" alt=\"Ilinca Avram Foto Roman Friptuleac\" width=\"293\" height=\"300\" class=\"alignnone size-medium wp-image-9410\" srcset=\"https:\/\/timesnews.ro\/wp-content\/uploads\/2018\/08\/Ilinca-Avram-Foto-Roman-Friptuleac-293x300.jpg 293w, https:\/\/timesnews.ro\/wp-content\/uploads\/2018\/08\/Ilinca-Avram-Foto-Roman-Friptuleac.jpg 600w\" sizes=\"auto, (max-width: 293px) 100vw, 293px\" \/><\/p>\n<p><strong>\u201eDe la ultima edi\u0163ie a Cerbului din 2009, pe care de altfel am prezentat-o, iat\u0103-ne \u00een 2018, la edi\u0163ia jubiliar\u0103. C\u0103tre cine va pleca Cerbul? Va r\u0103m\u00e2ne undeva \u00een Rom\u00e2nia, va pleca \u00een Europa sau \u00eentr-un alt col\u0163 al lumii? Nu \u015ftim. \u015etim doar c\u0103, \u00een perioada 29 august \u2013 2 septembrie, ne vedem \u00een Pia\u0163a Sfatului, la Cerbul de Aur\u201d, ne anun\u0163\u0103 Aurelian. \u201ePe 29 v\u0103 dau \u00eent\u00e2lnire direct de pe scen\u0103 pentru c\u0103 voi fi la c\u00e2rma prezent\u0103rilor. A\u015fadar, ne vedem pe scen\u0103, la seara de deschidere a Cerbului!\u201d.<\/strong><\/p>\n<p>Om de televiziune, dar pasionat\u0103 \u015fi de muzic\u0103, Ilinca debuteaz\u0103 pe scena din Pia\u0163a Sfatului la bra\u0163ul lui Aurelian Temi\u015fan, aflat la a doua experien\u0163\u0103 ca prezentator al prestigiosului Festival.<\/p>\n<p><strong>\u201eEste o onoare pentru mine s\u0103 dau start evenimentului anului din Pia\u0163a Sfatului, al\u0103turi de Aurelian Temi\u0219an. Este un eveniment istoric ce marcheaz\u0103 50 de ani de la prima editie, dar \u015fi Centenarul Marii Uniri\u201d, spune Ilinca. \u201eEste \u015fi o mare responsabilitate, av\u00e2nd \u00een vedere c\u0103 doar dou\u0103 basarabence au mai prezentat Cerbul de Aur, acestea fiind marea actri\u0163\u0103 Stela Popescu \u015fi inegalabila Anastasia Lazariuc. Va fi o seara memorabil\u0103 pentru mine! V\u0103 a\u015ftept\u0103m cu drag \u00een data de 29 august la Bra\u015fov, la un spectacol de gal\u0103! Ne vedem acolo!\u201d, <\/strong>\u00eencheie Ilinca.<\/p>\n<p>Edi\u0163ia aniversar\u0103 debuteaz\u0103 pe 29 august, cu o sear\u0103 de gal\u0103 dedicat\u0103 arti\u015ftilor care au marcat evenimentul de la Bra\u015fov, primul \u015fi cel mai mare Festival Interna\u0163ional de interpretare din Rom\u00e2nia. Prima sear\u0103 este o s\u0103rb\u0103toare a laurea\u0163ilor Festivalului, de la Lumini\u0163a Dobrescu, primul artist rom\u00e2n care a c\u00e2\u015ftigat Marele Trofeu, la Paula Seling, Corina Chiriac sau R\u0103zvan Krivach.<\/p>\n<p>Pe 29 august, publicul din Pia\u0163a Sfatului \u015fi telespectatorii TVR se vor re\u00eent\u00e2lni cu piesele r\u0103mase \u00een memoria Festivalului, organizatorii preg\u0103tind un potpuriu cu melodiile care le-au adus arti\u0219tilor premii la Festival: \u201eSay something\u201d, \u201eDau via\u0163a mea pentru o iubire\u201d, \u201eCerul\u201d, \u201eOf, inimioar\u0103\u201d, \u201eSpune-mi\u201d, \u201eInim\u0103, nu fi de piatr\u0103\u201d, \u201eJe t\u2019aime\u201d, \u201eNoapte cald\u0103\u201d \u015famd.<\/p>\n<p>\u00cen prima sear\u0103 vor sus\u0163ine recitaluri: Gigliola Cinquetti &#8211; c\u00e2\u015ftig\u0103toare marelui Trofeu Eurovision Song Contest 1964 \u015fi invitat\u0103 la a doua edi\u0163ie a Cerbului de Aur, \u00een anul 1969, Andra &#8211; laureat\u0103 a edi\u0163iei din 2005, interpretul de fado Paulo Braganza \u015fi trupa The Humans.<\/p>\n<p>Anul acesta, la jum\u0103tate de veac de la prima edi\u0163ie a Cerbului de Aur, pe scena Festivalului vor sus\u0163ine recitaluri Andra, Delia, Horia Brenciu, Loredana, The Motans, Carla\u2019s Dreams, Flavius and Linda Teodosiu Show Band, The Humans, James Blunt, Amy Macdonald, Gigliola Cinquetti, Eleni Foureira, Edvin Marton \u0219i vedeta Galei, Nicole Scherzinger.<\/p>\n<p>Sec\u0163iunea concurs a Festivalului, va avea 18 protagoni\u015fti. Arti\u015fti din 15 \u0163\u0103ri vor \u00eencerca s\u0103 ob\u0163in\u0103 Marele Trofeu al Festivalului Cerbul de Aur sau unul dintre celelalte premii.<\/p>\n<p>Desf\u0103\u015furat \u00een perioada 29 august \u2013 2 septembrie, \u00een Pia\u0163a Sfatului din Bra\u015fov, \u00een anul Centenarului Rom\u00e2niei \u015fi semicentenarului Cerbului de Aur, festivalul va avea un format special, cu o Gal\u0103 Aniversar\u0103, dou\u0103 zile de concurs, o Gal\u0103 a Festivalului, spectacolul Rom\u00e2nia Centenar \u015fi evenimente adiacente.<\/p>\n<p>Biletele pentru Festival sunt disponibile pe site-ul Eventim \u015fi \u00een re\u0163eaua partenerilor s\u0103i: Orange, Vodafone, Telekom, Carrefour, benzin\u0103riile OMV, libr\u0103riile C\u0103rture\u015fti, Diverta \u015fi Humanitas.<\/p>\n<p>Evenimentul va fi transmis \u00een direct \u015fi \u00een exclusivitate la TVR 1 \u015fi TVR Moldova.<\/p>\n<p>Despre Aurelin Temi\u015fan<br \/>\n\u015ei-a f\u0103cut intrarea pe scena artistic\u0103 \u00een cadrul Festivalului Na\u0163ional Mamaia, \u00een 1989. Ulterior a ob\u0163inut numeroase premii la festivaluri de muzic\u0103 na\u0163ionale \u015fi interna\u0163ionale.<br \/>\nAre peste 100 de piese rom\u00e2ne\u015fti \u00een repertoriul propriu. A cochetat cu filmul ap\u0103r\u00e2nd \u00een \u201eA doua c\u0103dere a Constantinopolului&#8221;, \u00een regia lui Mircea Mure\u015fan, \u015fi \u00eentr-o serie de scurtmetraje. Charisma, inteligen\u0163a, spontaneitatea, harul actoricesc l-au recomandat unor roluri \u00een seriale de televiziune precum \u201eClanul Spr\u00e2ncean\u0103\u201d \u0219i \u201eSecretul Mariei\u201d.<br \/>\nA jucat \u00een dou\u0103 musical-uri &#8211; \u201eChicago\u201d &#8211; care a f\u0103cut senza\u0163ie pe scena Na\u0163ionalului bucure\u015ftean \u2013 \u015fi \u00een \u201eMamma mia\u201d, pe scena S\u0103lii Palatului.<br \/>\n\u015ei-a \u201e\u00eemprumutat\u201d vocea unor personaje celebre, precum \u0218obolanul Git, din filmul \u201eRatatouille\u201d (2007) &#8211; \u00een original vocea apar\u0163in\u00e2ndu-i lui Jake Steinfeld, sau Lordul Macintosh \u00een filmul \u201eNe\u00eenfricat\u0103\u201d (2012) &#8211; vocea \u00een original \u00eei apar\u0163ine lui Craig Ferguson.<\/p>\n<p>Despre Ilinca Avram<br \/>\nEste unul dintre \u201eMatinalii\u201d de la TVR Moldova, dar prima \u00eent\u00e2lnire cu televiziunea a avut-o \u00eenc\u0103 de la 6 ani. Absolvent\u0103 a Colegiului de Muzic\u0103 \u015etefan Neaga, sec\u0163ia dirijor coral, Ilinca a cochetat c\u00e2\u0163iva ani cu Turismul urm\u00e2nd cursurile Academiei de Studii Economice din Chi\u015fin\u0103u, pentru ca, apoi s\u0103 aleag\u0103 lumea fascinant\u0103 a camerei de luat vederi. A lucrat at\u00e2t \u00een spatele camerelor &#8211; pe platourile de filmare ale unor produc\u0163ii Hallmark (\u201cA winter Prince\u201d), Discovery (\u201cHarley and the Davidsons\u201d), 24TL Production (\u201cContract to kill\u201d, \u201cEnd of a Gun\u201d, \u201cKilling Salazar\u201d, \u201cVlad \u2013 The Impaler\u201d), c\u00e2t \u015fi \u00een fa\u0163a lor ca jurnalist, reporter \u015fi prezentator TV la televiziuni din Republica Moldova.<br \/>\nNici lumea modei nu e str\u0103in\u0103 de numele Ilinc\u0103i, \u00een 2013 prezentatoare TVR Moldova \u015fi-a fondat \u015fi a lansat propria colec\u0163ie de haine.<br \/>\nEnergic\u0103 \u015fi plin\u0103 de pasiune, Ilinca a prezentat festivaluri \u015fi evenimete, a organizat DORfest &#8211; Festivalul Nordului, edi\u0163ia a II-a, dar alucrat \u015fi ca a lucrat ca PR. Printre pasiunele sale se num\u0103r\u0103 lectura, c\u0103l\u0103toriile, tricotatul \u015fi yoga.<\/p>\n<p><strong>Despre Festivalul Interna\u0163ional Cerbul de Aur:<\/strong><br \/>\nFestivalul Interna\u0163ional Cerbul de Aur a debutat \u00een anul 1968 \u015fi a avut 17 edi\u0163ii, ultima dintre acestea fiind organizat\u0103 \u00een anul 2009. Evenimentul a devenit cel mai mare festival interna\u0163ional de muzic\u00e3 organizat \u00een Rom\u00e2nia  \u015fi, \u00een mod tradi\u0163ional, la Bra\u0219ov.<br \/>\nDe-a lungul anilor, acest prestigios festival a g\u0103zduit apari\u0163ii sau recitaluri ale unor vedete precum Diana Ross, Am\u00e1lia Rodrigues, Julio Iglesias, Dalida, Sheryl Crow, Tom Jones, Juliette Greco, Vaya con Dios, Coolio, Christina Aguilera, Cliff Richard, Kenny Rogers, Ricky Martin, Kelly Family, Patricia Kaas, Gilbert Becaud, Josephine Baker, Toto Cutugno, Enrico Macias, Boy George, James Brown, Kenny Rogers, Ray Charles, UB 40, Scorpions, Pink, Sheryl Crow \u015fi mul\u0163i al\u0163ii.<br \/>\nPrin calitatea actelor artistice prezentate, \u201eCerbul de Aur\u201d este nu doar un brand de prestigiu al TVR, ci \u015fi unul na\u0163ional, spectacolele organizate \u00een cadrul festivalului adun\u00e2nd de un num\u0103r impresionant de spectatori \u015fi telespectatori din \u00eentreaga \u0163ar\u0103.<\/p>\n","protected":false},"excerpt":{"rendered":"<div class=\"mh-excerpt\"><p>Prima sear\u0103 a Festivalului Cerbul de Aur \u00eei aduce al\u0103turi pe Ilinca Avram, prezentatoarea matinalului de la TVR Moldova \u015fi Aurelian Temi\u015fan. Ea blond\u0103, el brunet, ea moldoveanc\u0103 din Basarabia, el oltean de la Craiova, ea firav\u0103 \u015fi delicat\u0103, el \u00eenalt \u015fi puternic. Am\u00e2ndoi, \u00eens\u0103, <a class=\"mh-excerpt-more\" href=\"https:\/\/timesnews.ro\/?p=9408\" title=\"Aurelian Temi\u015fan \u015fi Ilinca Avram prezint\u0103 prima sear\u0103 a Festivalului Cerbul de Aur\">[&#8230;]<\/a><\/p>\n<\/div>","protected":false},"author":1,"featured_media":9409,"comment_status":"open","ping_status":"open","sticky":false,"template":"","format":"standard","meta":{"footnotes":""},"categories":[141],"tags":[4099,3502,68,1997,4100],"class_list":["post-9408","post","type-post","status-publish","format-standard","has-post-thumbnail","hentry","category-eveniment","tag-aurelian-temisan-si-ilinca-avram","tag-cerbul-de-aur","tag-festival","tag-prezinta","tag-prima-seara"],"_links":{"self":[{"href":"https:\/\/timesnews.ro\/index.php?rest_route=\/wp\/v2\/posts\/9408","targetHints":{"allow":["GET"]}}],"collection":[{"href":"https:\/\/timesnews.ro\/index.php?rest_route=\/wp\/v2\/posts"}],"about":[{"href":"https:\/\/timesnews.ro\/index.php?rest_route=\/wp\/v2\/types\/post"}],"author":[{"embeddable":true,"href":"https:\/\/timesnews.ro\/index.php?rest_route=\/wp\/v2\/users\/1"}],"replies":[{"embeddable":true,"href":"https:\/\/timesnews.ro\/index.php?rest_route=%2Fwp%2Fv2%2Fcomments&post=9408"}],"version-history":[{"count":1,"href":"https:\/\/timesnews.ro\/index.php?rest_route=\/wp\/v2\/posts\/9408\/revisions"}],"predecessor-version":[{"id":9411,"href":"https:\/\/timesnews.ro\/index.php?rest_route=\/wp\/v2\/posts\/9408\/revisions\/9411"}],"wp:featuredmedia":[{"embeddable":true,"href":"https:\/\/timesnews.ro\/index.php?rest_route=\/wp\/v2\/media\/9409"}],"wp:attachment":[{"href":"https:\/\/timesnews.ro\/index.php?rest_route=%2Fwp%2Fv2%2Fmedia&parent=9408"}],"wp:term":[{"taxonomy":"category","embeddable":true,"href":"https:\/\/timesnews.ro\/index.php?rest_route=%2Fwp%2Fv2%2Fcategories&post=9408"},{"taxonomy":"post_tag","embeddable":true,"href":"https:\/\/timesnews.ro\/index.php?rest_route=%2Fwp%2Fv2%2Ftags&post=9408"}],"curies":[{"name":"wp","href":"https:\/\/api.w.org\/{rel}","templated":true}]}}