{"id":8595,"date":"2017-01-09T14:35:19","date_gmt":"2017-01-09T14:35:19","guid":{"rendered":"http:\/\/timesnews.ro\/?p=8595"},"modified":"2017-01-09T14:35:19","modified_gmt":"2017-01-09T14:35:19","slug":"mihai-gainusa-revine-cu-stirile-de-maine-la-tvr-1","status":"publish","type":"post","link":"https:\/\/timesnews.ro\/?p=8595","title":{"rendered":"Mihai G\u0103inu\u015f\u0103 revine cu \u201e\u015etirile de m\u00e2ine\u201d la TVR 1"},"content":{"rendered":"<p><img loading=\"lazy\" decoding=\"async\" src=\"http:\/\/timesnews.ro\/wp-content\/uploads\/2017\/01\/Mihai-Gainusa-300x200.jpg\" alt=\"mihai-gainusa\" width=\"300\" height=\"200\" class=\"alignnone size-medium wp-image-8596\" srcset=\"https:\/\/timesnews.ro\/wp-content\/uploads\/2017\/01\/Mihai-Gainusa-300x200.jpg 300w, https:\/\/timesnews.ro\/wp-content\/uploads\/2017\/01\/Mihai-Gainusa.jpg 600w\" sizes=\"auto, (max-width: 300px) 100vw, 300px\" \/><\/p>\n<p><strong><br \/>\nDin 10 ianuarie, realizatorul tv comenteaz\u0103 cele mai proaspete \u015ftiri din lume \u2013 cele care \u00eenc\u0103 nu s-au \u00eent\u00e2mplat \u2013 \u00een aceea\u015fi manier\u0103 personal\u0103, de luni p\u00e2n\u0103 vineri, de la 22.20, la TVR 1 \u015fi TVR+. Surpriza acestui sezon: invita\u0163ii \u00een platou.<\/strong><\/p>\n<p>\u201eDoamnelor \u015fi domnilor, \u015ftirea de m\u00e2ine e c\u0103 \u015etirile de m\u00e2ine se \u00eentorc din vacan\u0163\u0103!\u201d, anun\u0163\u0103 Mihai G\u0103inu\u015f\u0103, realizatorul late night show-ului produs \u015fi difuzat la TVR 1. Mar\u0163i sear\u0103, la ora \u015ftiut\u0103 (22.20), \u015ftirile zilei ne sunt servite \u201emai proaspete, mai odihnite, mai f\u0103r\u0103 colesterol\u201d.<\/p>\n<p>C\u00e2nd toat\u0103 Rom\u00e2nia e blocat\u0103 de ger, \u015etirile de m\u00e2ine sparg ghea\u0163a. Mihai G\u0103inu\u015f\u0103 pune m\u00e2na pe lopat\u0103 \u015fi bag\u0103 c\u0103rbuni din politic\u0103, via\u0163a social\u0103, showbiz, tehnologie \u015fi din absolut tot ceea ce nu se pricepe. Interviurile pe strad\u0103 ale Kanei Hashimoto nu vor lipsi nici ele din edi\u0163iile acesui an. Ba mai mult, echipa \u015etirilor de m\u00e2ine anun\u0163\u0103 \u015fi o surpriz\u0103: \u00een acest sezon vin \u015fi invita\u0163i. Mihai G\u0103inu\u015f\u0103 va comenta cu ace\u015ftia cele mai proaspete \u015ftiri din lume: cele care \u00eenc\u0103 nu s-au \u00eent\u00e2mplat!<\/p>\n<p>\u201e\u015etirile de m\u00e2ine \u00eencep din 10! 10 ianuarie. Dup\u0103 ora 10\u201d, precizeaz\u0103 Mihai G\u0103inu\u015f\u0103, care ne a\u015fteapt\u0103 din nou, la ceas de sear\u0103, de luni p\u00e2n\u0103 vineri, la TVR 1 \u015fi pe TVR+.<\/p>\n<p> Din octombrie 2016, Mihai G\u0103inu\u015f\u0103 aduce \u015etirile de m\u00e2ine la TVR 1<\/p>\n","protected":false},"excerpt":{"rendered":"<div class=\"mh-excerpt\"><p>Din 10 ianuarie, realizatorul tv comenteaz\u0103 cele mai proaspete \u015ftiri din lume \u2013 cele care \u00eenc\u0103 nu s-au \u00eent\u00e2mplat \u2013 \u00een aceea\u015fi manier\u0103 personal\u0103, de luni p\u00e2n\u0103 vineri, de la 22.20, la TVR 1 \u015fi TVR+. Surpriza acestui sezon: invita\u0163ii \u00een platou. \u201eDoamnelor \u015fi domnilor, <a class=\"mh-excerpt-more\" href=\"https:\/\/timesnews.ro\/?p=8595\" title=\"Mihai G\u0103inu\u015f\u0103 revine cu \u201e\u015etirile de m\u00e2ine\u201d la TVR 1\">[&#8230;]<\/a><\/p>\n<\/div>","protected":false},"author":1,"featured_media":8596,"comment_status":"open","ping_status":"open","sticky":false,"template":"","format":"standard","meta":{"footnotes":""},"categories":[38],"tags":[3395,3393,32,3394,3370],"class_list":["post-8595","post","type-post","status-publish","format-standard","has-post-thumbnail","hentry","category-vedete","tag-maine","tag-mihai-gainusa","tag-revine","tag-stiri","tag-tvr"],"_links":{"self":[{"href":"https:\/\/timesnews.ro\/index.php?rest_route=\/wp\/v2\/posts\/8595","targetHints":{"allow":["GET"]}}],"collection":[{"href":"https:\/\/timesnews.ro\/index.php?rest_route=\/wp\/v2\/posts"}],"about":[{"href":"https:\/\/timesnews.ro\/index.php?rest_route=\/wp\/v2\/types\/post"}],"author":[{"embeddable":true,"href":"https:\/\/timesnews.ro\/index.php?rest_route=\/wp\/v2\/users\/1"}],"replies":[{"embeddable":true,"href":"https:\/\/timesnews.ro\/index.php?rest_route=%2Fwp%2Fv2%2Fcomments&post=8595"}],"version-history":[{"count":1,"href":"https:\/\/timesnews.ro\/index.php?rest_route=\/wp\/v2\/posts\/8595\/revisions"}],"predecessor-version":[{"id":8597,"href":"https:\/\/timesnews.ro\/index.php?rest_route=\/wp\/v2\/posts\/8595\/revisions\/8597"}],"wp:featuredmedia":[{"embeddable":true,"href":"https:\/\/timesnews.ro\/index.php?rest_route=\/wp\/v2\/media\/8596"}],"wp:attachment":[{"href":"https:\/\/timesnews.ro\/index.php?rest_route=%2Fwp%2Fv2%2Fmedia&parent=8595"}],"wp:term":[{"taxonomy":"category","embeddable":true,"href":"https:\/\/timesnews.ro\/index.php?rest_route=%2Fwp%2Fv2%2Fcategories&post=8595"},{"taxonomy":"post_tag","embeddable":true,"href":"https:\/\/timesnews.ro\/index.php?rest_route=%2Fwp%2Fv2%2Ftags&post=8595"}],"curies":[{"name":"wp","href":"https:\/\/api.w.org\/{rel}","templated":true}]}}