{"id":7912,"date":"2016-08-02T11:32:36","date_gmt":"2016-08-02T11:32:36","guid":{"rendered":"http:\/\/www.7life.ro\/?p=7912"},"modified":"2016-08-02T11:32:36","modified_gmt":"2016-08-02T11:32:36","slug":"programul-funeraliilor-reginei-ana-a-romaniei","status":"publish","type":"post","link":"https:\/\/timesnews.ro\/?p=7912","title":{"rendered":"Programul funeraliilor Reginei Ana a Rom\u00e2niei"},"content":{"rendered":"<div id=\"primary\">\n<div id=\"main\">\n<div id=\"content\" class=\"section\">\n<div id=\"Blog1\" class=\"widget Blog\" data-version=\"1\">\n<div class=\"post-wrapper\">\n<div class=\"post\"><br class=\"post-title single-title\" \/><\/p>\n<div class=\"meta\">\n<div class=\"post-apps\">\n<div class=\"addthis_toolbox addthis_default_style addthis_16x16_style\">\n<div class=\"atclear\">\u00a0<a href=\"http:\/\/www.7life.ro\/wp-content\/uploads\/2016\/08\/regina-ana.jpg\"><img loading=\"lazy\" decoding=\"async\" class=\"alignnone size-medium wp-image-7913\" src=\"http:\/\/www.7life.ro\/wp-content\/uploads\/2016\/08\/regina-ana-300x215.jpg\" alt=\"regina ana\" width=\"300\" height=\"215\" \/><\/a><\/div>\n<\/div>\n<\/div>\n<div id=\"post-body-6948096012518661027\" class=\"post-single-body post-body\">\n<strong> \u00cen ziua de mar\u021bi, 9 august 2016, la ora 15.15, sicriul cu corpul ne\u00eensufle\u021bit al Reginei Ana va ajunge la Aeroportul Otopeni, de unde va fi transportat cu ma\u0219ina la Castelul Pele\u0219. Evenimentul se va desf\u0103\u0219ura \u00een prezen\u021ba Alte\u021bei Sale Regale Principesa Mo\u0219tenitoare Margareta \u0219i a Familiei Regale, a reprezentan\u021bilor institu\u021biilor statului \u0219i a membrilor Casei Majest\u0103\u021bii Sale Regelui. Presa va avea acces la ceremonie. Publicul nu va avea acces la eveniment.<\/strong><\/p>\n<p>De mar\u021bi, 9 august 2016, ora 17.00, p\u00e2n\u0103 miercuri, 10 august 2016, ora 18.30, corpul ne\u00eensufle\u021bit al Reginei va fi a\u0219ezat \u00een Holul de Onoare al Castelului Pele\u0219. \u00cen acest r\u0103stimp, Custodele Coroanei \u0219i Familia Regal\u0103 vor fi prezen\u021bi la Sinaia. Programul vizitei oficialit\u0103\u021bilor pentru a transmite condolean\u021be la Castelul Pele\u0219, \u00een ziua de miercuri, 10 august 2016, este urm\u0103torul:<\/p>\n<p>&#8211; Ora 10-12: Reprezentan\u021bii Corpului Diplomatic, ai Uniunii Europene, NATO \u0219i ai Organiza\u021biilor Interna\u021bionale.<\/p>\n<p>&#8211; Ora 12-14: Reprezentan\u021bii Institu\u021biilor Statului.<\/p>\n<p>&#8211; Ora 14-16: Institu\u021bia Preziden\u021bial\u0103, Pre\u015fedin\u0163ia Republicii Moldova, Membrii Guvernului Rom\u00e2niei \u0219i Guvernului Republicii Moldova, Membrii Parlamentului Rom\u00e2niei \u0219i Parlamentului Republicii Moldova.<\/p>\n<p>&#8211; Ora 16-18: Reprezentan\u021bii Academiei Rom\u00e2ne \u0219i Academiei de Stat a Republicii Moldova, ai Bisericii Ortodoxe, ai Bisericii Catolice \u0219i ai celorlalte institu\u021bii ale Credin\u021bei.<\/p>\n<p>Accesul la Castelul Pele\u0219 se face pe baza listelor comunicate \u00een prealabil Protocolului Regal de c\u0103tre institu\u021biile mai sus amintite.<\/p>\n<p>Publicul \u0219i presa nu vor avea acces \u00een Holul de Onoare pe durata \u0219ederii sicriului la Domeniul Regal Sinaia.<\/p>\n<p>Miercuri, 10 august 2016, \u00een cursul serii, corpul ne\u00eensufle\u021bit al Reginei va fi transportat de la Castelul Pele\u0219 la Sala Tronului din Palatul Regal (Calea Victoriei, nr. 49 \u2013 53). Ceremonia va avea caracter privat. Publicul \u0219i presa nu vor avea acces.<\/p>\n<p>Joi, 11 august 2016 \u0219i vineri, 12 august 2016, de la ora 8 la ora 22, to\u021bi cei care vor dori s\u0103 depun\u0103 flori \u0219i s\u0103 se \u00eenchine la catafalcul Reginei Ana vor putea veni la Sala Tronului de la Palatul Regal. Intrarea este liber\u0103. Accesul presei este permis.<\/p>\n<p>Cei prezen\u021bi la Palatul Regal pentru a aduce un ultim omagiu Reginei Ana, sunt ruga\u021bi s\u0103 respecte urm\u0103toarele reguli:<\/p>\n<p>&#8211; S\u0103 fie \u00eembr\u0103ca\u021bi \u00een \u021binut\u0103 corespunz\u0103toare, \u00een culori \u00eenchise.<\/p>\n<p>&#8211; S\u0103 nu poarte saco\u0219e, gen\u021bi ori bagaje voluminoase, de niciun fel.<\/p>\n<p>&#8211; S\u0103 nu vin\u0103 \u00eenso\u021bi\u021bi de copii sub 7 ani, nici cu c\u0103rucioare de copii.<\/p>\n<p>&#8211; S\u0103 nu foloseasc\u0103 aparate de fotografiat ori telefoane mobile, ori alte instrumente electronice. Fotografierea \u0219i filmarea sunt interzise, din respect pentru solemnitatea ocaziei.<\/p>\n<p>&#8211; S\u0103 aib\u0103 la ei un document de identitate.<\/p>\n<p>&#8211; Nimeni nu va putea depune florile personal, la catafalc. Florile vor fi a\u0219ezate \u00een gr\u0103dina din fa\u021ba Palatului Regal ori pe trotuarul din fa\u021ba grilajului Palatului. Personalul Casei Majest\u0103\u021bii Sale va fi la fa\u021ba locului, pentru a \u00eendruma publicul participant.<\/p>\n<p>&#8211; Persoanele care vin la catafalc sunt rugate s\u0103 nu aduc\u0103 volume, scrisori, ilustrate, timbre, documente ori fotografii cu ei. Toate acestea pot fi trimise ulterior, prin po\u0219t\u0103, pe adresa Palatului Elisabeta.<\/p>\n<p>&#8211; \u00cen incinta Palatului Regal, fumatul \u0219i vorbitul la telefonul mobil sunt strict interzise.<\/p>\n<p>Pe perioada accesului la Palatul Regal va func\u021biona un post de prim-ajutor.<\/p>\n<p>\u00cen ziua de s\u00e2mb\u0103t\u0103, 13 august 2016, la ora 10.55, sicriul cu corpul ne\u00eensufle\u021bit al Reginei Ana va fi a\u0219ezat pe un catafalc \u00een Pia\u021ba Palatului Regal, chiar \u00een fa\u021ba palatului. Acolo va avea loc o ceremonie religioas\u0103. Accesul publicului \u00een Pia\u021ba Palatului este liber, \u00een zonele special amenajate pentru participan\u021bi. Accesul presei este liber.<\/p>\n<p>La ora 11.30, sicriul va fi a\u0219ezat \u00een ma\u0219ina mortuar\u0103.<\/p>\n<p>De la ora 11.35 la ora 12, Cortegiul funerar va merge, cu vitez\u0103 redus\u0103, pe traseul Pia\u021ba Palatului Regal \u2013 Bulevardul Magheru \u2013 Pia\u021ba Roman\u0103 \u2013 Pia\u021ba Victoriei \u2013 Bulevardul Aviatorilor \u2013 Pia\u021ba Charles de Gaulle \u2013 Arcul de Triumf. La Arcul de Triumf nu va avea loc nicio oprire \u0219i nu se va face slujb\u0103 religioas\u0103.<\/p>\n<p>De la Arcul de Triumf, Cortegiul funerar va continua traseul, cu vitez\u0103 obi\u0219nuit\u0103, c\u0103tre Curtea de Arge\u0219, \u00een intervalul orar 12 \u2013 14.45, pe ruta Arcul de Triumf, Mogo\u0219oaia, Buftea, Titu, G\u0103e\u0219ti, Topoloveni, Pite\u0219ti, Curtea de Arge\u0219. Cortegiul funerar nu se va opri, de-a lungul c\u0103l\u0103toriei, dar va \u00eencetini viteza \u00een localit\u0103\u021bi.<\/p>\n<p>La ora 15.00, \u00een ziua de s\u00e2mb\u0103t\u0103, 13 august 2016, va avea loc slujba de \u00eenmorm\u00e2ntare a Reginei Ana \u00een Pronaosul Noii Catedrale de la Curtea de Arge\u0219. Ceremonia \u00eenmorm\u00e2nt\u0103rii va fi privat\u0103, \u00een prezen\u021ba Familiei Regale a Rom\u00e2niei \u0219i a membrilor Familiilor Regale str\u0103ine, prezente la eveniment. Publicul va avea acces doar \u00een fa\u021ba por\u021bii de intrare \u00een Parcul Arhiepiscopiei Curtea de Arge\u0219. Presa va avea acces \u00een fa\u021ba Noii Catedrale de la Curtea de Arge\u0219.<\/p>\n<p>Ceremonia se va desf\u0103\u0219ura \u00een dou\u0103 p\u0103r\u021bi: ora 15.00-15.50, \u00een fa\u021ba Noii Catedrale; ora 15.50-16.10, ceremonia religioas\u0103 a \u00eengrop\u0103rii, \u00een Noua Catedral\u0103.<\/p>\n<p>Presa va avea acces la Aeroportul Otopeni, \u00een Sala Tronului de la Palatul Regal (joi \u0219i vineri, la orele men\u021bionate), \u00een Pia\u021ba Palatului Regal din Calea Victoriei \u0219i \u00een fa\u021ba Noii Catedrale de la Curtea de Arge\u0219.<\/p>\n<p>Presa nu va avea acces la Castelul Regal Pele\u0219. Prezen\u021ba presei nu va fi permis\u0103 \u00een incinta Noii Catedrale, nici \u00eenainte, nici pe parcursul ceremoniei de \u00eengropare. Noua Catedral\u0103 nu va putea fi vizitat\u0103 \u00een primele 7 zile dup\u0103 \u00eenmorm\u00e2ntare.<\/p>\n<p>C\u0103r\u021bi de condolean\u021be sunt deschise, \u00eencep\u00e2nd de ast\u0103zi, la Castelul Pele\u0219, la Palatul Regal (Calea Victoriei) \u0219i la Palatul Elisabeta. Ele sunt la dispozi\u021bia publicului timp de 40 de zile de la data decesului.<\/p>\n<p>Pentru orice detalii, pute\u021bi contacta Secretariatul Regal \u0219i Biroul de Pres\u0103 al Majest\u0103\u021bii Sale Regelui, la adresa de email secretariat-regal@palatulelisabeta.ro \u015fi la num\u0103rul de telefon 021.319.09.72.<\/p><\/div>\n<\/div>\n<\/div>\n<\/div>\n<\/div>\n<\/div>\n<\/div>\n<\/div>\n","protected":false},"excerpt":{"rendered":"<div class=\"mh-excerpt\"><p>\u00a0 \u00cen ziua de mar\u021bi, 9 august 2016, la ora 15.15, sicriul cu corpul ne\u00eensufle\u021bit al Reginei Ana va ajunge la Aeroportul Otopeni, de unde va fi transportat cu ma\u0219ina la Castelul Pele\u0219. Evenimentul se va desf\u0103\u0219ura \u00een prezen\u021ba Alte\u021bei Sale Regale Principesa Mo\u0219tenitoare Margareta <a class=\"mh-excerpt-more\" href=\"https:\/\/timesnews.ro\/?p=7912\" title=\"Programul funeraliilor Reginei Ana a Rom\u00e2niei\">[&#8230;]<\/a><\/p>\n<\/div>","protected":false},"author":1,"featured_media":7913,"comment_status":"open","ping_status":"open","sticky":false,"template":"","format":"standard","meta":{"footnotes":""},"categories":[119],"tags":[2465,2466,2467,2468,2469,2470,2471,191,2472,353,2275,2473],"class_list":["post-7912","post","type-post","status-publish","format-standard","has-post-thumbnail","hentry","category-la-zi","tag-9-august","tag-aeroport","tag-castel","tag-curtea-de-arges","tag-funeralii","tag-otopeni","tag-peles","tag-program","tag-regina-ana","tag-romania","tag-sicriu","tag-sinaia"],"_links":{"self":[{"href":"https:\/\/timesnews.ro\/index.php?rest_route=\/wp\/v2\/posts\/7912","targetHints":{"allow":["GET"]}}],"collection":[{"href":"https:\/\/timesnews.ro\/index.php?rest_route=\/wp\/v2\/posts"}],"about":[{"href":"https:\/\/timesnews.ro\/index.php?rest_route=\/wp\/v2\/types\/post"}],"author":[{"embeddable":true,"href":"https:\/\/timesnews.ro\/index.php?rest_route=\/wp\/v2\/users\/1"}],"replies":[{"embeddable":true,"href":"https:\/\/timesnews.ro\/index.php?rest_route=%2Fwp%2Fv2%2Fcomments&post=7912"}],"version-history":[{"count":0,"href":"https:\/\/timesnews.ro\/index.php?rest_route=\/wp\/v2\/posts\/7912\/revisions"}],"wp:attachment":[{"href":"https:\/\/timesnews.ro\/index.php?rest_route=%2Fwp%2Fv2%2Fmedia&parent=7912"}],"wp:term":[{"taxonomy":"category","embeddable":true,"href":"https:\/\/timesnews.ro\/index.php?rest_route=%2Fwp%2Fv2%2Fcategories&post=7912"},{"taxonomy":"post_tag","embeddable":true,"href":"https:\/\/timesnews.ro\/index.php?rest_route=%2Fwp%2Fv2%2Ftags&post=7912"}],"curies":[{"name":"wp","href":"https:\/\/api.w.org\/{rel}","templated":true}]}}