{"id":7814,"date":"2016-07-20T17:07:45","date_gmt":"2016-07-20T17:07:45","guid":{"rendered":"http:\/\/www.7life.ro\/?p=7814"},"modified":"2016-07-20T17:07:45","modified_gmt":"2016-07-20T17:07:45","slug":"actorul-radu-beligan-in-varsta-de-97-de-ani-a-murit-miercuri-la-spitalul-elias","status":"publish","type":"post","link":"https:\/\/timesnews.ro\/?p=7814","title":{"rendered":"Actorul Radu Beligan, \u00een v\u00e2rst\u0103 de 97 de ani, a murit, miercuri, la Spitalul Elias"},"content":{"rendered":"<h4>Trupul ne\u00eensufle\u021bit al actorului Radu Beligan va fi depus s\u00e2mb\u0103t\u0103 la TNB.<\/h4>\n<p class=\"intro\">Sicriul cu trupul ne\u00eensufle\u021bit al actorului Radu Beligan va fi depus \u00een foaierul S\u0103lii Mari a Teatrului Na\u021bional &#8220;I.L. Caragiale&#8221; din Bucure\u0219ti s\u00e2mb\u0103t\u0103, \u00eentre orele 10,00 \u0219i 13,00, iar \u00eenmorm\u00e2ntarea va avea loc \u00een aceea\u0219i zi la Cimitirul Bellu, a anun\u021bat miercuri Uniunea Teatral\u0103 din Rom\u00e2nia &#8211; UNITER.<\/p>\n<div class=\"image-wrapper medium-image mb25\"><a href=\"http:\/\/www.7life.ro\/wp-content\/uploads\/2016\/07\/10541981_870011573038375_7406038292267410921_n.jpg\"><img loading=\"lazy\" decoding=\"async\" class=\"alignnone size-medium wp-image-7815\" src=\"http:\/\/www.7life.ro\/wp-content\/uploads\/2016\/07\/10541981_870011573038375_7406038292267410921_n-300x214.jpg\" alt=\"10541981_870011573038375_7406038292267410921_n\" width=\"300\" height=\"214\" \/><\/a><\/div>\n<p>&#8220;Cel mai longeviv actor aflat \u00een activitate pe scena de teatru, Radu Beligan a \u00eenc\u00e2ntat cu \u0219armul s\u0103u inconfundabil timp de 79 de ani spectatorii care, dup\u0103 cum spunea Maestrul, &#8216;m-au f\u0103cut ceea ce sunt&#8217;. Un actor unic, mentorul a zeci de genera\u021bii, idolul a mii de spectatori, un adev\u0103rat simbol al artei teatrului, Radu Beligan a tr\u0103it pentru meseria lui, pun\u00e2nd Teatrul pe primul plan. Un artist complet: actor de teatru, film \u0219i radio, regizor, scriitor, profesor universitar, director de teatru, pre\u0219edinte de onoare al Institutului Interna\u021bional de Teatru, membru al Academiei Rom\u00e2ne, Radu Beligan este o personalitate a Teatrului Mondial. Ne va r\u0103m\u00e2ne mereu \u00een amintire cu z\u00e2mbetul s\u0103u dulce-am\u0103rui&#8230;&#8221;, se arat\u0103 \u00eentr-un comunicat al UNITER.<\/p>\n<p>Actorul Radu Beligan s-a n\u0103scut pe 14 decembrie 1918 \u0219i <a href=\"http:\/\/www.agerpres.ro\/cultura\/2016\/07\/20\/actorul-radu-beligan-a-murit-13-49-12\" target=\"_blank\">a murit miercuri la v\u00e2rsta de 97 de ani<\/a>.<\/p>\n","protected":false},"excerpt":{"rendered":"<div class=\"mh-excerpt\"><p>Trupul ne\u00eensufle\u021bit al actorului Radu Beligan va fi depus s\u00e2mb\u0103t\u0103 la TNB. Sicriul cu trupul ne\u00eensufle\u021bit al actorului Radu Beligan va fi depus \u00een foaierul S\u0103lii Mari a Teatrului Na\u021bional &#8220;I.L. Caragiale&#8221; din Bucure\u0219ti s\u00e2mb\u0103t\u0103, \u00eentre orele 10,00 \u0219i 13,00, iar \u00eenmorm\u00e2ntarea va avea loc <a class=\"mh-excerpt-more\" href=\"https:\/\/timesnews.ro\/?p=7814\" title=\"Actorul Radu Beligan, \u00een v\u00e2rst\u0103 de 97 de ani, a murit, miercuri, la Spitalul Elias\">[&#8230;]<\/a><\/p>\n<\/div>","protected":false},"author":1,"featured_media":7815,"comment_status":"open","ping_status":"open","sticky":false,"template":"","format":"standard","meta":{"footnotes":""},"categories":[38],"tags":[2233,604,605,300,2234,2235,2236,2237,2238,321,518,2239,138],"class_list":["post-7814","post","type-post","status-publish","format-standard","has-post-thumbnail","hentry","category-vedete","tag-97-ani","tag-a-murit","tag-actor","tag-depus","tag-foaier","tag-generatii","tag-meseria","tag-miercuri","tag-radu-beligan","tag-scena","tag-spital","tag-tnb","tag-trup"],"_links":{"self":[{"href":"https:\/\/timesnews.ro\/index.php?rest_route=\/wp\/v2\/posts\/7814","targetHints":{"allow":["GET"]}}],"collection":[{"href":"https:\/\/timesnews.ro\/index.php?rest_route=\/wp\/v2\/posts"}],"about":[{"href":"https:\/\/timesnews.ro\/index.php?rest_route=\/wp\/v2\/types\/post"}],"author":[{"embeddable":true,"href":"https:\/\/timesnews.ro\/index.php?rest_route=\/wp\/v2\/users\/1"}],"replies":[{"embeddable":true,"href":"https:\/\/timesnews.ro\/index.php?rest_route=%2Fwp%2Fv2%2Fcomments&post=7814"}],"version-history":[{"count":0,"href":"https:\/\/timesnews.ro\/index.php?rest_route=\/wp\/v2\/posts\/7814\/revisions"}],"wp:attachment":[{"href":"https:\/\/timesnews.ro\/index.php?rest_route=%2Fwp%2Fv2%2Fmedia&parent=7814"}],"wp:term":[{"taxonomy":"category","embeddable":true,"href":"https:\/\/timesnews.ro\/index.php?rest_route=%2Fwp%2Fv2%2Fcategories&post=7814"},{"taxonomy":"post_tag","embeddable":true,"href":"https:\/\/timesnews.ro\/index.php?rest_route=%2Fwp%2Fv2%2Ftags&post=7814"}],"curies":[{"name":"wp","href":"https:\/\/api.w.org\/{rel}","templated":true}]}}