{"id":7685,"date":"2016-06-27T16:09:38","date_gmt":"2016-06-27T16:09:38","guid":{"rendered":"http:\/\/www.7life.ro\/?p=7685"},"modified":"2016-06-27T16:09:38","modified_gmt":"2016-06-27T16:09:38","slug":"lia-lungu-recital-de-sanziene-la-icr","status":"publish","type":"post","link":"https:\/\/timesnews.ro\/?p=7685","title":{"rendered":"Lia Lungu, recital de S\u00e2nziene la ICR"},"content":{"rendered":"<p><a href=\"http:\/\/www.7life.ro\/wp-content\/uploads\/2016\/07\/lia.jpg\"><img loading=\"lazy\" decoding=\"async\" class=\"alignnone size-medium wp-image-7687\" src=\"http:\/\/www.7life.ro\/wp-content\/uploads\/2016\/07\/lia-300x300.jpg\" alt=\"lia\" width=\"300\" height=\"300\" \/><\/a><\/p>\n<p><strong>Lia Lungu a sus\u021binut un recital la Institutul Cultural Roman din New York\u00a0 cu prilejul unui eveniment cultural, care a avut loc chiar pe 24 iunie, de S\u00e2nziene, s\u0103rb\u0103toare mare \u00een calendarul cre\u0219tin ortodox.<\/strong><\/p>\n<p>Interpreta de folclor, Lia Lungu este stabilit\u0103 peste Ocean de mai bine de 20 de ani, dar \u00een ultimii ani, face tot posibilul s\u0103 vin\u0103 c\u00e2t mai des \u0219i acas\u0103, \u00een Rom\u00e2nia. La evenimentul de S\u00e2nziene de la ICR, artista a avut bucuria s\u0103 o revad\u0103 cu actri\u021ba Maia Morgenstern, prezent\u0103 \u00een luna iunie la New York, cu prilejul unor spectacole de teatru.<\/p>\n<p><a href=\"http:\/\/www.7life.ro\/wp-content\/uploads\/2016\/07\/lia-si-maia.jpg\"><img loading=\"lazy\" decoding=\"async\" class=\"alignnone size-medium wp-image-7686\" src=\"http:\/\/www.7life.ro\/wp-content\/uploads\/2016\/07\/lia-si-maia-300x232.jpg\" alt=\"lia si maia\" width=\"300\" height=\"232\" \/><\/a><\/p>\n<p><strong>\u201dLa Institutul Cultural Roman din New York cu ocazia Expozitiei Carpathian-Balkan Textile Cultural Heritage si a recitalului de Sanzaiene, 24 Iunie 2016\u201d,<\/strong> a scris Lia Lungu pe Facebook, \u00een dreptul fotografiilor.<\/p>\n","protected":false},"excerpt":{"rendered":"<div class=\"mh-excerpt\"><p>Lia Lungu a sus\u021binut un recital la Institutul Cultural Roman din New York\u00a0 cu prilejul unui eveniment cultural, care a avut loc chiar pe 24 iunie, de S\u00e2nziene, s\u0103rb\u0103toare mare \u00een calendarul cre\u0219tin ortodox. Interpreta de folclor, Lia Lungu este stabilit\u0103 peste Ocean de mai <a class=\"mh-excerpt-more\" href=\"https:\/\/timesnews.ro\/?p=7685\" title=\"Lia Lungu, recital de S\u00e2nziene la ICR\">[&#8230;]<\/a><\/p>\n<\/div>","protected":false},"author":1,"featured_media":7686,"comment_status":"open","ping_status":"open","sticky":false,"template":"","format":"standard","meta":{"footnotes":""},"categories":[38],"tags":[654,655,656,657,658,659,591,660],"class_list":["post-7685","post","type-post","status-publish","format-standard","has-post-thumbnail","hentry","category-vedete","tag-america","tag-icr","tag-lia-lungu","tag-maia-morgenstern","tag-new-york","tag-recital","tag-sanziene","tag-sua"],"_links":{"self":[{"href":"https:\/\/timesnews.ro\/index.php?rest_route=\/wp\/v2\/posts\/7685","targetHints":{"allow":["GET"]}}],"collection":[{"href":"https:\/\/timesnews.ro\/index.php?rest_route=\/wp\/v2\/posts"}],"about":[{"href":"https:\/\/timesnews.ro\/index.php?rest_route=\/wp\/v2\/types\/post"}],"author":[{"embeddable":true,"href":"https:\/\/timesnews.ro\/index.php?rest_route=\/wp\/v2\/users\/1"}],"replies":[{"embeddable":true,"href":"https:\/\/timesnews.ro\/index.php?rest_route=%2Fwp%2Fv2%2Fcomments&post=7685"}],"version-history":[{"count":0,"href":"https:\/\/timesnews.ro\/index.php?rest_route=\/wp\/v2\/posts\/7685\/revisions"}],"wp:attachment":[{"href":"https:\/\/timesnews.ro\/index.php?rest_route=%2Fwp%2Fv2%2Fmedia&parent=7685"}],"wp:term":[{"taxonomy":"category","embeddable":true,"href":"https:\/\/timesnews.ro\/index.php?rest_route=%2Fwp%2Fv2%2Fcategories&post=7685"},{"taxonomy":"post_tag","embeddable":true,"href":"https:\/\/timesnews.ro\/index.php?rest_route=%2Fwp%2Fv2%2Ftags&post=7685"}],"curies":[{"name":"wp","href":"https:\/\/api.w.org\/{rel}","templated":true}]}}