{"id":7683,"date":"2016-07-05T14:15:34","date_gmt":"2016-07-05T14:15:34","guid":{"rendered":"http:\/\/www.7life.ro\/?p=7683"},"modified":"2016-07-05T14:15:34","modified_gmt":"2016-07-05T14:15:34","slug":"cinstirea-sfintei-icoane-a-maicii-domnului-prodromita-de-la-muntele-athos","status":"publish","type":"post","link":"https:\/\/timesnews.ro\/?p=7683","title":{"rendered":"Cinstirea Sfintei Icoane a Maicii Domnului Prodromi\u021ba de la Muntele Athos."},"content":{"rendered":"<p><a href=\"http:\/\/www.7life.ro\/wp-content\/uploads\/2015\/07\/icoana-maicii-domnului-prodromita-refacuta.jpg\"><img loading=\"lazy\" decoding=\"async\" class=\"alignnone size-medium wp-image-2776\" src=\"http:\/\/www.7life.ro\/wp-content\/uploads\/2015\/07\/icoana-maicii-domnului-prodromita-refacuta-300x221.jpg\" alt=\"icoana-maicii-domnului-prodromita refacuta\" width=\"300\" height=\"221\" \/><\/a><\/p>\n<p><strong>Mar\u0163i, 12 iulie 2016, Paraclisul Catedralei M\u00e2ntuirii Neamului \u00ee\u015fi serbeaz\u0103 hramul de var\u0103: <a href=\"http:\/\/basilica.ro\/istoria-icoanei-maicii-domnului-prodromita-de-la-sfantul-munte-athos\/\">Cinstirea Sfintei Icoane a Maicii Domnului <em>Prodromi\u021ba<\/em> de la Muntele Athos<\/a>.<\/strong><\/p>\n<p>Odat\u0103 cu sfin\u0163irea Paraclisului Catedralei M\u00e2ntuirii Neamului, \u00een anul 2011, Preafericitul P\u0103rinte Daniel, Patriarhul Bisericii Ortodoxe Rom\u00e2ne, a a\u015fezat aici o copie a Sfintei Icoane a Maicii Domnului <em>Prodromi\u0163a<\/em>.<\/p>\n<p>De atunci, clericii \u015fi credincio\u015fii de la Paraclisul Catedralei M\u00e2ntuirii Neamului simt ajutorul Maicii Domnului, care binecuvinteaz\u0103 pe to\u0163i binef\u0103c\u0103torii, rug\u0103torii, ziditorii \u015fi toate lucr\u0103rile ce se s\u0103v\u00e2r\u015fesc pentru edificarea Catedralei M\u00e2ntuirii Neamului. \u00cen plus, cei care vin \u015fi se \u00eenchin\u0103 cu credin\u0163\u0103 \u015fi evlavie Sfintei Icoane a Maicii Domnului <em>Prodromi\u0163a<\/em> primesc ocrotirea \u015fi ajutorul Maicii Domnului \u00een via\u0163a lor.<\/p>\n<h4>Programul hramului Paraclisului Catedralei M\u00e2ntuirii Neamului:<\/h4>\n<p><strong>Duminic\u0103, 10 iulie 2016:<\/strong><\/p>\n<ul>\n<li>18.00 \u2013 20.00 \u2013 slujba Vecerniei;<\/li>\n<li>20.00 \u2013 Concert de Pricesne \u015fi C\u00e2nt\u0103ri biserice\u015fti \u00eenchinate Maicii Domnului.<\/li>\n<\/ul>\n<p>Interpreteaz\u0103:<br \/>\n\u2013 <a href=\"https:\/\/www.facebook.com\/anastasis2015\/\">grupul psaltic <em>Anastasis<\/em> al Paraclisului Catedralei M\u00e2ntuirii Neamului<\/a>.<br \/>\n\u2013 tineri soli\u015fti de muzic\u0103 popular\u0103 rom\u00e2neasc\u0103 \u2013 colaboratori ai emisiunii <em>Magazin folcloric<\/em> realizat\u0103 de <em>Trinitas <\/em>TV \u015fi Muzeul Na\u021bional al Satului <em>Dimitrie Gusti<\/em> din Bucure\u0219ti.<\/p>\n<p><strong>Luni, 11 iulie 2016:<\/strong><\/p>\n<ul>\n<li>18.00 \u2013 Slujba Privegherii \u00een cinstea Icoanei Maicii Domnului <em>Prodromi\u0163a<\/em> (Vecernia, Litia \u015fi Utrenia);<\/li>\n<li>19.00 \u2013 Scoaterea \u00een procesiune a icoanei Maicii Domnului <em>Prodromi\u0163a<\/em>, \u00een jurul Paraclisului Catedralei M\u00e2ntuirii Neamului.<\/li>\n<\/ul>\n<p><strong>Mar\u0163i, 12 iulie:<\/strong><\/p>\n<ul>\n<li>08.00 \u2013 Slujba de sfin\u0163ire a apei \u2013 Aghiasma mic\u0103;<\/li>\n<li>08.30 \u2013 Ceasurile \u015fi Acatistul Icoanei Maicii Domnului <em>Prodromi\u0163a<\/em>;<\/li>\n<li>09.30 \u2013 12.00 \u2013 Sf\u00e2nta Liturghie s\u0103v\u00e2r\u0219it\u0103 \u00een Altarul de var\u0103 din curtea Paraclisului.<\/li>\n<\/ul>\n<p>Arhim. Paisie Teodorescu<br \/>\nVicar patriarhal<\/p>\n","protected":false},"excerpt":{"rendered":"<div class=\"mh-excerpt\"><p>Mar\u0163i, 12 iulie 2016, Paraclisul Catedralei M\u00e2ntuirii Neamului \u00ee\u015fi serbeaz\u0103 hramul de var\u0103: Cinstirea Sfintei Icoane a Maicii Domnului Prodromi\u021ba de la Muntele Athos. Odat\u0103 cu sfin\u0163irea Paraclisului Catedralei M\u00e2ntuirii Neamului, \u00een anul 2011, Preafericitul P\u0103rinte Daniel, Patriarhul Bisericii Ortodoxe Rom\u00e2ne, a a\u015fezat aici o <a class=\"mh-excerpt-more\" href=\"https:\/\/timesnews.ro\/?p=7683\" title=\"Cinstirea Sfintei Icoane a Maicii Domnului Prodromi\u021ba de la Muntele Athos.\">[&#8230;]<\/a><\/p>\n<\/div>","protected":false},"author":1,"featured_media":2776,"comment_status":"open","ping_status":"open","sticky":false,"template":"","format":"standard","meta":{"footnotes":""},"categories":[119],"tags":[802,803,804,805,806,807,808,809,191,810],"class_list":["post-7683","post","type-post","status-publish","format-standard","has-post-thumbnail","hentry","category-la-zi","tag-athos","tag-catedrala","tag-facatoare","tag-hram","tag-icoana","tag-maicii-domnului-prodromita","tag-minuni","tag-munte","tag-program","tag-sfintei"],"_links":{"self":[{"href":"https:\/\/timesnews.ro\/index.php?rest_route=\/wp\/v2\/posts\/7683","targetHints":{"allow":["GET"]}}],"collection":[{"href":"https:\/\/timesnews.ro\/index.php?rest_route=\/wp\/v2\/posts"}],"about":[{"href":"https:\/\/timesnews.ro\/index.php?rest_route=\/wp\/v2\/types\/post"}],"author":[{"embeddable":true,"href":"https:\/\/timesnews.ro\/index.php?rest_route=\/wp\/v2\/users\/1"}],"replies":[{"embeddable":true,"href":"https:\/\/timesnews.ro\/index.php?rest_route=%2Fwp%2Fv2%2Fcomments&post=7683"}],"version-history":[{"count":0,"href":"https:\/\/timesnews.ro\/index.php?rest_route=\/wp\/v2\/posts\/7683\/revisions"}],"wp:attachment":[{"href":"https:\/\/timesnews.ro\/index.php?rest_route=%2Fwp%2Fv2%2Fmedia&parent=7683"}],"wp:term":[{"taxonomy":"category","embeddable":true,"href":"https:\/\/timesnews.ro\/index.php?rest_route=%2Fwp%2Fv2%2Fcategories&post=7683"},{"taxonomy":"post_tag","embeddable":true,"href":"https:\/\/timesnews.ro\/index.php?rest_route=%2Fwp%2Fv2%2Ftags&post=7683"}],"curies":[{"name":"wp","href":"https:\/\/api.w.org\/{rel}","templated":true}]}}