{"id":4215,"count":1,"description":"","link":"http:\/\/timesnews.ro\/?tag=sa-slabeasca","name":"s\u0103 sl\u0103beasc\u0103","slug":"sa-slabeasca","taxonomy":"post_tag","meta":[],"_links":{"self":[{"href":"http:\/\/timesnews.ro\/index.php?rest_route=\/wp\/v2\/tags\/4215","targetHints":{"allow":["GET"]}}],"collection":[{"href":"http:\/\/timesnews.ro\/index.php?rest_route=\/wp\/v2\/tags"}],"about":[{"href":"http:\/\/timesnews.ro\/index.php?rest_route=\/wp\/v2\/taxonomies\/post_tag"}],"wp:post_type":[{"href":"http:\/\/timesnews.ro\/index.php?rest_route=%2Fwp%2Fv2%2Fposts&tags=4215"}],"curies":[{"name":"wp","href":"https:\/\/api.w.org\/{rel}","templated":true}]}}