{"id":9798,"date":"2019-06-02T15:33:45","date_gmt":"2019-06-02T15:33:45","guid":{"rendered":"http:\/\/timesnews.ro\/?p=9798"},"modified":"2019-06-02T15:34:35","modified_gmt":"2019-06-02T15:34:35","slug":"papa-francisc-a-plecat-din-romania-pe-curcubeu","status":"publish","type":"post","link":"http:\/\/timesnews.ro\/?p=9798","title":{"rendered":"Papa Francisc a plecat din Rom\u00e2nia pe curcubeu"},"content":{"rendered":"<p>Papa Francisc \u0219i-a \u00eencheiat vizita \u00een Rom\u00e2nia! \u00cenaltul Prelat a ajuns pe 31 mai, \u00een Rom\u00e2nia, la 20 de ani dup\u0103 ce Papa Ioan Paul al II-lea a binecuv\u00e2ntat \u021bara noastr\u0103, \u00een timpul vizite sale la Bucure\u0219ti. Papa Francisc a pleact duminic\u0103 din Rom\u00e2nia, dup\u0103 ceremonia de la Blaj. Suveranul Pontif a luat parte s\u00e2mb\u0103t\u0103 la pelerinajul de la \u0218umuleu Ciuc \u0219i a vizitat \u0219i municipiul Ia\u0219i.<\/p>\n<p>Papa Francisc a p\u0103r\u0103sit Rom\u00e2nia, la cap\u0103tul unei vizite de trei zile. Avionul s\u0103u a decolat din Sibiu \u0219i va ateriza la Roma. \u00cenainte de a pleca, Suveranul Pontif a m\u0103rturisit c\u0103 s-a sim\u021bit minunat \u00een Rom\u00e2nia.<\/p>\n<p>\u201eAm venit \u00een aceast\u0103 \u0163ar\u0103 frumoas\u0103 \u015fi primitoare ca pelerin \u015fi frate, pentru a tr\u0103i diferite \u00eent\u00e2lniri. Iar acum m\u0103 \u00eentorc acas\u0103 \u00eembog\u0103\u0163it, lu\u00e2nd cu mine locuri \u015fi momente, dar mai ales chipuri. Chipurile voastre vor da culoare amintirilor mele \u015fi vor fi prezente \u00een rug\u0103ciunea mea. V\u0103 mul\u0163umesc \u015fi v\u0103 duc cu mine! Iar acum v\u0103 binecuv\u00e2ntez, dar mai \u00eent\u00e2i v\u0103 cer o mare favoare: s\u0103 v\u0103 ruga\u0163i pentru mine!\u201d<br \/>\n sursa: newsteam.ro<\/p>\n","protected":false},"excerpt":{"rendered":"<div class=\"mh-excerpt\"><p>Papa Francisc \u0219i-a \u00eencheiat vizita \u00een Rom\u00e2nia! \u00cenaltul Prelat a ajuns pe 31 mai, \u00een Rom\u00e2nia, la 20 de ani dup\u0103 ce Papa Ioan Paul al II-lea a binecuv\u00e2ntat \u021bara noastr\u0103, \u00een timpul vizite sale la Bucure\u0219ti. Papa Francisc a pleact duminic\u0103 din Rom\u00e2nia, dup\u0103 <a class=\"mh-excerpt-more\" href=\"http:\/\/timesnews.ro\/?p=9798\" title=\"Papa Francisc a plecat din Rom\u00e2nia pe curcubeu\">[&#8230;]<\/a><\/p>\n<\/div>","protected":false},"author":1,"featured_media":9794,"comment_status":"open","ping_status":"open","sticky":false,"template":"","format":"standard","meta":{"footnotes":""},"categories":[141,119,200],"tags":[2567,4424,1934,4419,4423,4422],"class_list":["post-9798","post","type-post","status-publish","format-standard","has-post-thumbnail","hentry","category-eveniment","category-la-zi","category-religie","tag-a-plecat","tag-blaj","tag-curcubeu","tag-papa-francisc","tag-prelat","tag-sumuleu"],"_links":{"self":[{"href":"http:\/\/timesnews.ro\/index.php?rest_route=\/wp\/v2\/posts\/9798","targetHints":{"allow":["GET"]}}],"collection":[{"href":"http:\/\/timesnews.ro\/index.php?rest_route=\/wp\/v2\/posts"}],"about":[{"href":"http:\/\/timesnews.ro\/index.php?rest_route=\/wp\/v2\/types\/post"}],"author":[{"embeddable":true,"href":"http:\/\/timesnews.ro\/index.php?rest_route=\/wp\/v2\/users\/1"}],"replies":[{"embeddable":true,"href":"http:\/\/timesnews.ro\/index.php?rest_route=%2Fwp%2Fv2%2Fcomments&post=9798"}],"version-history":[{"count":1,"href":"http:\/\/timesnews.ro\/index.php?rest_route=\/wp\/v2\/posts\/9798\/revisions"}],"predecessor-version":[{"id":9799,"href":"http:\/\/timesnews.ro\/index.php?rest_route=\/wp\/v2\/posts\/9798\/revisions\/9799"}],"wp:featuredmedia":[{"embeddable":true,"href":"http:\/\/timesnews.ro\/index.php?rest_route=\/wp\/v2\/media\/9794"}],"wp:attachment":[{"href":"http:\/\/timesnews.ro\/index.php?rest_route=%2Fwp%2Fv2%2Fmedia&parent=9798"}],"wp:term":[{"taxonomy":"category","embeddable":true,"href":"http:\/\/timesnews.ro\/index.php?rest_route=%2Fwp%2Fv2%2Fcategories&post=9798"},{"taxonomy":"post_tag","embeddable":true,"href":"http:\/\/timesnews.ro\/index.php?rest_route=%2Fwp%2Fv2%2Ftags&post=9798"}],"curies":[{"name":"wp","href":"https:\/\/api.w.org\/{rel}","templated":true}]}}