{"id":9615,"date":"2019-02-14T11:10:27","date_gmt":"2019-02-14T11:10:27","guid":{"rendered":"http:\/\/timesnews.ro\/?p=9615"},"modified":"2019-02-14T11:10:34","modified_gmt":"2019-02-14T11:10:34","slug":"alina-si-romeo-de-la-trupa-alesis-super-vacanta-in-emiratele-arabe","status":"publish","type":"post","link":"http:\/\/timesnews.ro\/?p=9615","title":{"rendered":"Alina \u0219i Romeo de la trupa Alesis, super vacan\u021b\u0103 \u00een Emiratele Arabe"},"content":{"rendered":"<p>Alina \u0219i Romeo de la trupa Alesis s-au distrat \u00eentr-o croazier\u0103 de vis, al\u0103turi de un grup de prieteni, printre care \u0219i Matilda Pascal-Cojoc\u0103ri\u021ba \u0219i \u0218tefan Cigu. Arti\u0219tii no\u0219tri au luat avionul spre Emiratele Arabe, s-au \u00eembarcat pe vas \u00een Dubai, unde au stat trei zile, apoi au plecat \u00een croazier\u0103. Dup\u0103 ce au vizitat Dubaiul \u00een cele trei zile, ei au vizitat Capitala Emiratelor Arabe, Abu Dhabi, apoi Insula Sir Bani Yas, Capitala Quatarului, Doha \u0219i Insulele din Regatul Bahrain.<br \/>\n<img loading=\"lazy\" decoding=\"async\" src=\"http:\/\/timesnews.ro\/wp-content\/uploads\/2019\/02\/alesis-in-dubai-225x300.jpg\" alt=\"alesis in dubai\" width=\"225\" height=\"300\" class=\"alignnone size-medium wp-image-9619\" srcset=\"http:\/\/timesnews.ro\/wp-content\/uploads\/2019\/02\/alesis-in-dubai-225x300.jpg 225w, http:\/\/timesnews.ro\/wp-content\/uploads\/2019\/02\/alesis-in-dubai.jpg 600w\" sizes=\"auto, (max-width: 225px) 100vw, 225px\" \/><img loading=\"lazy\" decoding=\"async\" src=\"http:\/\/timesnews.ro\/wp-content\/uploads\/2019\/02\/alesis-si-grupul-2-300x146.jpg\" alt=\"alesis si grupul 2\" width=\"300\" height=\"146\" class=\"alignnone size-medium wp-image-9620\" srcset=\"http:\/\/timesnews.ro\/wp-content\/uploads\/2019\/02\/alesis-si-grupul-2-300x146.jpg 300w, http:\/\/timesnews.ro\/wp-content\/uploads\/2019\/02\/alesis-si-grupul-2.jpg 600w\" sizes=\"auto, (max-width: 300px) 100vw, 300px\" \/><\/p>\n<p><img loading=\"lazy\" decoding=\"async\" src=\"http:\/\/timesnews.ro\/wp-content\/uploads\/2019\/02\/alina-si-romeo-cea-mai-inalta-cladire-dubai-146x300.jpg\" alt=\"alina si romeo, cea mai inalta cladire, dubai\" width=\"146\" height=\"300\" class=\"alignnone size-medium wp-image-9621\" srcset=\"http:\/\/timesnews.ro\/wp-content\/uploads\/2019\/02\/alina-si-romeo-cea-mai-inalta-cladire-dubai-146x300.jpg 146w, http:\/\/timesnews.ro\/wp-content\/uploads\/2019\/02\/alina-si-romeo-cea-mai-inalta-cladire-dubai-497x1024.jpg 497w, http:\/\/timesnews.ro\/wp-content\/uploads\/2019\/02\/alina-si-romeo-cea-mai-inalta-cladire-dubai.jpg 600w\" sizes=\"auto, (max-width: 146px) 100vw, 146px\" \/><\/p>\n<p><img loading=\"lazy\" decoding=\"async\" src=\"http:\/\/timesnews.ro\/wp-content\/uploads\/2019\/02\/alina-flori-300x225.jpg\" alt=\"alina, flori\" width=\"300\" height=\"225\" class=\"alignnone size-medium wp-image-9622\" srcset=\"http:\/\/timesnews.ro\/wp-content\/uploads\/2019\/02\/alina-flori-300x225.jpg 300w, http:\/\/timesnews.ro\/wp-content\/uploads\/2019\/02\/alina-flori-326x245.jpg 326w, http:\/\/timesnews.ro\/wp-content\/uploads\/2019\/02\/alina-flori-80x60.jpg 80w, http:\/\/timesnews.ro\/wp-content\/uploads\/2019\/02\/alina-flori.jpg 600w\" sizes=\"auto, (max-width: 300px) 100vw, 300px\" \/><br \/>\n\u00cen Abu Dhabi, arti\u0219tii no\u0219tri au vizitat c\u00e2teva moschei \u0219i cl\u0103diri  modern, iar \u00een Dubai, au vizitat parcul de distrac\u021bii Atlantis \u0219i s-au fotografiat cu cea mai \u00eenalt\u0103 cl\u0103dire din lume, Burj Khalifa, inaugurat\u0103 \u00een 2010. Cl\u0103direa are o \u00een\u0103l\u0163ime de 828 de metri \u015fi are func\u0163ionalit\u0103\u021bi multiple: pe cele 163 de etaje exist\u0103 un hotel Armani, birouri pentru companii \u0219i chiar locuin\u0163e reziden\u0163iale. Arti\u0219tii au fost \u00eenc\u00e2nta\u021bi c\u0103 la etajul 148 al cl\u0103dirii exist\u0103 o punte de observa\u0163ie, iar mai sus, la etajele 156-159, sunt dedicate sistemelor de telecomunica\u0163ii. Reveni\u021bi \u00een \u021bar\u0103, Alina \u0219i Romeo de la Alesis au intrat \u00een studio, pentru a finalize cele dou\u0103 albume la care lucreaz\u0103 \u0219i pe care inten\u021bioneaz\u0103 s\u0103 le lanseze \u00een prim\u0103var\u0103.<\/p>\n","protected":false},"excerpt":{"rendered":"<div class=\"mh-excerpt\"><p>Alina \u0219i Romeo de la trupa Alesis s-au distrat \u00eentr-o croazier\u0103 de vis, al\u0103turi de un grup de prieteni, printre care \u0219i Matilda Pascal-Cojoc\u0103ri\u021ba \u0219i \u0218tefan Cigu. Arti\u0219tii no\u0219tri au luat avionul spre Emiratele Arabe, s-au \u00eembarcat pe vas \u00een Dubai, unde au stat trei <a class=\"mh-excerpt-more\" href=\"http:\/\/timesnews.ro\/?p=9615\" title=\"Alina \u0219i Romeo de la trupa Alesis, super vacan\u021b\u0103 \u00een Emiratele Arabe\">[&#8230;]<\/a><\/p>\n<\/div>","protected":false},"author":1,"featured_media":9620,"comment_status":"open","ping_status":"open","sticky":false,"template":"","format":"standard","meta":{"footnotes":""},"categories":[349,38],"tags":[4254,4256,4255,4257],"class_list":["post-9615","post","type-post","status-publish","format-standard","has-post-thumbnail","hentry","category-calatorii","category-vedete","tag-alesis-dubai","tag-croaziera-alesis","tag-matida-pascal-cojocarita-alina-si-romeo-alesis-dubai","tag-vacanta-de-lux-alesis"],"_links":{"self":[{"href":"http:\/\/timesnews.ro\/index.php?rest_route=\/wp\/v2\/posts\/9615","targetHints":{"allow":["GET"]}}],"collection":[{"href":"http:\/\/timesnews.ro\/index.php?rest_route=\/wp\/v2\/posts"}],"about":[{"href":"http:\/\/timesnews.ro\/index.php?rest_route=\/wp\/v2\/types\/post"}],"author":[{"embeddable":true,"href":"http:\/\/timesnews.ro\/index.php?rest_route=\/wp\/v2\/users\/1"}],"replies":[{"embeddable":true,"href":"http:\/\/timesnews.ro\/index.php?rest_route=%2Fwp%2Fv2%2Fcomments&post=9615"}],"version-history":[{"count":1,"href":"http:\/\/timesnews.ro\/index.php?rest_route=\/wp\/v2\/posts\/9615\/revisions"}],"predecessor-version":[{"id":9623,"href":"http:\/\/timesnews.ro\/index.php?rest_route=\/wp\/v2\/posts\/9615\/revisions\/9623"}],"wp:featuredmedia":[{"embeddable":true,"href":"http:\/\/timesnews.ro\/index.php?rest_route=\/wp\/v2\/media\/9620"}],"wp:attachment":[{"href":"http:\/\/timesnews.ro\/index.php?rest_route=%2Fwp%2Fv2%2Fmedia&parent=9615"}],"wp:term":[{"taxonomy":"category","embeddable":true,"href":"http:\/\/timesnews.ro\/index.php?rest_route=%2Fwp%2Fv2%2Fcategories&post=9615"},{"taxonomy":"post_tag","embeddable":true,"href":"http:\/\/timesnews.ro\/index.php?rest_route=%2Fwp%2Fv2%2Ftags&post=9615"}],"curies":[{"name":"wp","href":"https:\/\/api.w.org\/{rel}","templated":true}]}}