{"id":9558,"date":"2018-12-28T14:35:38","date_gmt":"2018-12-28T14:35:38","guid":{"rendered":"http:\/\/timesnews.ro\/?p=9558"},"modified":"2018-12-28T14:35:38","modified_gmt":"2018-12-28T14:35:38","slug":"vedetelionul-2019-antena-stars-o-noapte-fantastica-demna-de-cartea-recordurilor","status":"publish","type":"post","link":"http:\/\/timesnews.ro\/?p=9558","title":{"rendered":"Vedetelionul 2019 Antena Stars,  o noapte fantastic\u0103 demn\u0103 de cartea recordurilor"},"content":{"rendered":"<p><strong>Cel mai lung program de Revelion, cel mai mare num\u0103r de vedete \u015fi cele mai inspirate reprize de umor, \u00een exclusivitate, cu a\u015fii comediei Vasile Muraru \u015fi Valentina F\u0103tu, vor putea fi urm\u0103rite de telespectatorii Antena Stars, \u00een noaptea dintre ani, \u00eencep\u00e2nd cu ora 23.30. <\/strong><br \/>\nDistrac\u0163ie, muzic\u0103 de petrecere, invita\u0163i surpriz\u0103 sco\u015fi de sub masc\u0103 \u015fi multe provoc\u0103ri, care mai de care mai tr\u0103snite! La \u201dVedetelionul Fantastic\u201d de la Antena Stars particip\u0103 cele mai grele nume din showbiz-ul rom\u00e2nesc: Adriana Antoni, Maria C\u00e2rneci, Steliana Sima, Petric\u0103 M\u00ee\u0163u Stoian, Constantin Enceanu, Mariana Ionescu C\u0103pit\u0103nescu,  Alex Velea, Antonia \u015fi Lino Golden, Maria Dragomiroiu, Cornelia \u015fi Lupu Rednic, Andreea B\u0103lan, Vali Vijelie, Nicoleta Voica, Elisabeta Turcu, Minodora,  Nadir, S\u0103ndel \u015fi Aurora Mihai, Margareta Clipa, Emilia Ghinescu \u015fi Nicu Paleru, Raluka, Maria Loga, Nicolae Datcu, Lumini\u0163a Anghel, Diana Matei \u015fi taraful Cleante, Vica Blochina, Maria Ghinea, Victori\u0163a L\u0103c\u0103tu\u015fu, Valahu, Saveta Bogdan, Elena Meri\u015foreanu, Ionu\u0163 Galani, Daniela Gyorfi, Carmen \u015eerban, Mircea Eremia, Florin Vasilic\u0103 \u015fi grupul Teleormanul, Constantin M\u0103gureanu, Valentin Sanfira, Gipsy Casual, forma\u0163ia Steaua de Vreari \u015fi mul\u0163i, mul\u021bi al\u0163ii.<br \/>\n<img loading=\"lazy\" decoding=\"async\" src=\"http:\/\/timesnews.ro\/wp-content\/uploads\/2018\/12\/rev-final-300x222.jpg\" alt=\"rev, final\" width=\"300\" height=\"222\" class=\"alignnone size-medium wp-image-9560\" srcset=\"http:\/\/timesnews.ro\/wp-content\/uploads\/2018\/12\/rev-final-300x222.jpg 300w, http:\/\/timesnews.ro\/wp-content\/uploads\/2018\/12\/rev-final-80x60.jpg 80w, http:\/\/timesnews.ro\/wp-content\/uploads\/2018\/12\/rev-final.jpg 600w\" sizes=\"auto, (max-width: 300px) 100vw, 300px\" \/><br \/>\nAnda Adam \u015fi V.J Raru sunt gazdele \u201dVedetelionului Fantastic\u201d, un adev\u0103rat maraton al distrac\u0163iei, care \u00eencepe \u00een seara de 31 decembrie la ora 23.30 \u0219i se \u00eencheie \u00een zorii primei zile a anului 2019. <\/p>\n","protected":false},"excerpt":{"rendered":"<div class=\"mh-excerpt\"><p>Cel mai lung program de Revelion, cel mai mare num\u0103r de vedete \u015fi cele mai inspirate reprize de umor, \u00een exclusivitate, cu a\u015fii comediei Vasile Muraru \u015fi Valentina F\u0103tu, vor putea fi urm\u0103rite de telespectatorii Antena Stars, \u00een noaptea dintre ani, \u00eencep\u00e2nd cu ora 23.30. <a class=\"mh-excerpt-more\" href=\"http:\/\/timesnews.ro\/?p=9558\" title=\"Vedetelionul 2019 Antena Stars,  o noapte fantastic\u0103 demn\u0103 de cartea recordurilor\">[&#8230;]<\/a><\/p>\n<\/div>","protected":false},"author":1,"featured_media":9559,"comment_status":"open","ping_status":"open","sticky":false,"template":"","format":"standard","meta":{"footnotes":""},"categories":[141],"tags":[4213,4212,4211,4210],"class_list":["post-9558","post","type-post","status-publish","format-standard","has-post-thumbnail","hentry","category-eveniment","tag-cartea-recordurilor","tag-demna","tag-noapte-fantastica","tag-vedetelionul-2019-antena-stars"],"_links":{"self":[{"href":"http:\/\/timesnews.ro\/index.php?rest_route=\/wp\/v2\/posts\/9558","targetHints":{"allow":["GET"]}}],"collection":[{"href":"http:\/\/timesnews.ro\/index.php?rest_route=\/wp\/v2\/posts"}],"about":[{"href":"http:\/\/timesnews.ro\/index.php?rest_route=\/wp\/v2\/types\/post"}],"author":[{"embeddable":true,"href":"http:\/\/timesnews.ro\/index.php?rest_route=\/wp\/v2\/users\/1"}],"replies":[{"embeddable":true,"href":"http:\/\/timesnews.ro\/index.php?rest_route=%2Fwp%2Fv2%2Fcomments&post=9558"}],"version-history":[{"count":1,"href":"http:\/\/timesnews.ro\/index.php?rest_route=\/wp\/v2\/posts\/9558\/revisions"}],"predecessor-version":[{"id":9561,"href":"http:\/\/timesnews.ro\/index.php?rest_route=\/wp\/v2\/posts\/9558\/revisions\/9561"}],"wp:featuredmedia":[{"embeddable":true,"href":"http:\/\/timesnews.ro\/index.php?rest_route=\/wp\/v2\/media\/9559"}],"wp:attachment":[{"href":"http:\/\/timesnews.ro\/index.php?rest_route=%2Fwp%2Fv2%2Fmedia&parent=9558"}],"wp:term":[{"taxonomy":"category","embeddable":true,"href":"http:\/\/timesnews.ro\/index.php?rest_route=%2Fwp%2Fv2%2Fcategories&post=9558"},{"taxonomy":"post_tag","embeddable":true,"href":"http:\/\/timesnews.ro\/index.php?rest_route=%2Fwp%2Fv2%2Ftags&post=9558"}],"curies":[{"name":"wp","href":"https:\/\/api.w.org\/{rel}","templated":true}]}}