{"id":9555,"date":"2018-12-28T14:26:27","date_gmt":"2018-12-28T14:26:27","guid":{"rendered":"http:\/\/timesnews.ro\/?p=9555"},"modified":"2018-12-28T14:26:27","modified_gmt":"2018-12-28T14:26:27","slug":"cel-mai-lung-pod-din-lume-a-fost-inaugurat-in-china","status":"publish","type":"post","link":"http:\/\/timesnews.ro\/?p=9555","title":{"rendered":"Cel mai lung pod din lume a fost inaugurat \u00een China"},"content":{"rendered":"<p><strong>Au \u00eenceput s\u0103 apar\u0103 de la inaugurare imaginile cu cel mai lung pod din lume, care se afl\u0103 \u00een China. Podul leaga China continental\u0103 de teritoriile semi-autonome Hong Kong, dar \u0219i Macao. Are 6 benzi de circula\u021bie, 4 tuneluri, unul dintre ele fiind chiar subacvatic \u0219i o lungime impresionant\u0103, de circa 55.000 de kilometri p\u0103rtra\u021bi.<\/strong><\/p>\n<p>Construc\u021bia celui mai lung pod din lume a durat nou\u0103 ani \u0219i traverseaz\u0103 marea. A fost denumit ca fiind o minune inginereasc\u0103, datorit\u0103 tonelor de o\u021bel folosite \u0219i altor cantit\u0103\u021bi uria\u0219e de materiale. Arhitec\u021bii au proiectat acest pod astfel \u00eenc\u00e2t s\u0103 scurteze timpul de c\u0103l\u0103torie \u00eentre Hong Kong \u0219i zona metropolitana Greater Bay Area la doar 3 ore de mers cu ma\u0219ina. Pentru a putea traversa acest pod, \u0219oferii vor avea nevoie de un permis special.<\/p>\n<p>Podul nu va putea fi tranzitat de bicicli\u0219ti \u0219i de pietoni. Este doar pentru ma\u0219ini. Speciali\u0219tii chinezi sus\u021bin c\u0103 va fi func\u021bional pentru urm\u0103torii 120 de ani de acum \u00eencolo. Se spune c\u0103 datorit\u0103 arhitecturii, materialelor folosite \u0219i timpului de lucru, podul este echivalentul a 60 de turnuri Eiffel din Paris.<\/p>\n<p>Acest pod a avut \u00een vedere reducerea traficului \u00een diferite zone ale Chinei \u0219i se pare c\u0103 func\u021bioneaz\u0103 foarte bine, din c\u00e2te au spus oficialii.<br \/>\n sursa: www.wawlist.com<\/p>\n","protected":false},"excerpt":{"rendered":"<div class=\"mh-excerpt\"><p>Au \u00eenceput s\u0103 apar\u0103 de la inaugurare imaginile cu cel mai lung pod din lume, care se afl\u0103 \u00een China. Podul leaga China continental\u0103 de teritoriile semi-autonome Hong Kong, dar \u0219i Macao. Are 6 benzi de circula\u021bie, 4 tuneluri, unul dintre ele fiind chiar subacvatic <a class=\"mh-excerpt-more\" href=\"http:\/\/timesnews.ro\/?p=9555\" title=\"Cel mai lung pod din lume a fost inaugurat \u00een China\">[&#8230;]<\/a><\/p>\n<\/div>","protected":false},"author":1,"featured_media":9556,"comment_status":"open","ping_status":"open","sticky":false,"template":"","format":"standard","meta":{"footnotes":""},"categories":[141],"tags":[4207,4209,4208],"class_list":["post-9555","post","type-post","status-publish","format-standard","has-post-thumbnail","hentry","category-eveniment","tag-cel-mai-lung-pod-din-lume","tag-china","tag-inaugurat"],"_links":{"self":[{"href":"http:\/\/timesnews.ro\/index.php?rest_route=\/wp\/v2\/posts\/9555","targetHints":{"allow":["GET"]}}],"collection":[{"href":"http:\/\/timesnews.ro\/index.php?rest_route=\/wp\/v2\/posts"}],"about":[{"href":"http:\/\/timesnews.ro\/index.php?rest_route=\/wp\/v2\/types\/post"}],"author":[{"embeddable":true,"href":"http:\/\/timesnews.ro\/index.php?rest_route=\/wp\/v2\/users\/1"}],"replies":[{"embeddable":true,"href":"http:\/\/timesnews.ro\/index.php?rest_route=%2Fwp%2Fv2%2Fcomments&post=9555"}],"version-history":[{"count":1,"href":"http:\/\/timesnews.ro\/index.php?rest_route=\/wp\/v2\/posts\/9555\/revisions"}],"predecessor-version":[{"id":9557,"href":"http:\/\/timesnews.ro\/index.php?rest_route=\/wp\/v2\/posts\/9555\/revisions\/9557"}],"wp:featuredmedia":[{"embeddable":true,"href":"http:\/\/timesnews.ro\/index.php?rest_route=\/wp\/v2\/media\/9556"}],"wp:attachment":[{"href":"http:\/\/timesnews.ro\/index.php?rest_route=%2Fwp%2Fv2%2Fmedia&parent=9555"}],"wp:term":[{"taxonomy":"category","embeddable":true,"href":"http:\/\/timesnews.ro\/index.php?rest_route=%2Fwp%2Fv2%2Fcategories&post=9555"},{"taxonomy":"post_tag","embeddable":true,"href":"http:\/\/timesnews.ro\/index.php?rest_route=%2Fwp%2Fv2%2Ftags&post=9555"}],"curies":[{"name":"wp","href":"https:\/\/api.w.org\/{rel}","templated":true}]}}