{"id":9544,"date":"2018-12-12T15:13:38","date_gmt":"2018-12-12T15:13:38","guid":{"rendered":"http:\/\/timesnews.ro\/?p=9544"},"modified":"2018-12-12T15:13:38","modified_gmt":"2018-12-12T15:13:38","slug":"dupa-cele-2-concerte-sold-out-de-la-sala-palatului-la-doar-14-ani-iuliana-beregoi-vine-si-in-iasi-la-sala-polivalenta-pe-16-decembrie","status":"publish","type":"post","link":"http:\/\/timesnews.ro\/?p=9544","title":{"rendered":"Dupa cele 2 concerte SOLD &#8211; OUT de la SALA PALATULUI, la doar 14 ani, IULIANA BEREGOI vine si in Iasi, la Sala Polivalenta, pe 16 decembrie"},"content":{"rendered":"<p><strong>La doar 14 ani, Iuliana Beregoi este un adevarat fenomen in randul adolescentilor din Romania, cu o continu\u0103 ascensiune pe plan profesional.<\/strong> Talentul si creatia se pot observa, cu usurinta, in zeci de milioane de vizualizari la toate piesele lansate, dar si in numarul mare de abonati, pe canalul propriu de Youtube, unde peste 500.000 de persoane o urmaresc zilnic. Dupa cele 2 concerte sold-out, de la Sala Palatului din Bucuresti, iata ca, pe 16 decembrie, t\u00e2n\u0103ra adolescent\u0103 va sus\u021bine va sustine primul ei mare concert in Iasi, la Sala Polivalenta, incepand cu ora 16.00, unde va aduce spectacolul grandios ,,Lara \u0219i Cr\u0103ciunul Juc\u0103riilor\u201d, produs de echipa ei de management Mixton Music, de iesenii Alina Todasca si Catalin Dascalu.<br \/>\nTot atunci, va fi proiectat \u0219i ,,Lara\u201d, singura productie cinematografica, pentru copii si adolescenti filmata integral la Iasi, \u00een care Iuliana interpreteaz\u0103 rolul principal, alaturi de alti mari artisti si actori precum Vlad Baba, Lora, Erica Moldovan, Alina Eremia, Dima Trofim sau Daniela Nane. Evenimentul de la Sala Polivalenta, din 16 decembrie, are \u0219i un scop caritabil.<br \/>\nIuliana \u00eei \u00eendeamn\u0103, astfel, pe toti cei care isi achizitioneaza bilete, sa vina, la spectacol, \u0219i s\u0103 d\u0103ruiasc\u0103 h\u0103inu\u021be \u0219i juc\u0103rii, care, de Cr\u0103ciun, vor ajunge la copiii saraci. Cei care vor s\u0103 cumpere bilete le pot achizi\u021biona de pe iabilet.ro .<br \/>\nFilmarile productiei cinematografice &#8220;Lara&#8221; s-au desfasurat, in totalitate, in Iasi, la fel ca in cazul serialul cu acelasi nume, de unde a si pornit ideea filmului pentru cinema, Iuliana devenind, astfel, un bun promoter al orasului, la o varsta atat de mica. <\/p>\n","protected":false},"excerpt":{"rendered":"<div class=\"mh-excerpt\"><p>La doar 14 ani, Iuliana Beregoi este un adevarat fenomen in randul adolescentilor din Romania, cu o continu\u0103 ascensiune pe plan profesional. Talentul si creatia se pot observa, cu usurinta, in zeci de milioane de vizualizari la toate piesele lansate, dar si in numarul mare <a class=\"mh-excerpt-more\" href=\"http:\/\/timesnews.ro\/?p=9544\" title=\"Dupa cele 2 concerte SOLD &#8211; OUT de la SALA PALATULUI, la doar 14 ani, IULIANA BEREGOI vine si in Iasi, la Sala Polivalenta, pe 16 decembrie\">[&#8230;]<\/a><\/p>\n<\/div>","protected":false},"author":1,"featured_media":9545,"comment_status":"open","ping_status":"open","sticky":false,"template":"","format":"standard","meta":{"footnotes":""},"categories":[141],"tags":[4197,4199,4198,4200,4201],"class_list":["post-9544","post","type-post","status-publish","format-standard","has-post-thumbnail","hentry","category-eveniment","tag-dupa-cele-2-concerte-sold-out-de-la-sala-palatului","tag-iuliana-beregoi-vine-si-in-iasi","tag-la-doar-14-ani","tag-la-sala-polivalenta","tag-pe-16-decembrie"],"_links":{"self":[{"href":"http:\/\/timesnews.ro\/index.php?rest_route=\/wp\/v2\/posts\/9544","targetHints":{"allow":["GET"]}}],"collection":[{"href":"http:\/\/timesnews.ro\/index.php?rest_route=\/wp\/v2\/posts"}],"about":[{"href":"http:\/\/timesnews.ro\/index.php?rest_route=\/wp\/v2\/types\/post"}],"author":[{"embeddable":true,"href":"http:\/\/timesnews.ro\/index.php?rest_route=\/wp\/v2\/users\/1"}],"replies":[{"embeddable":true,"href":"http:\/\/timesnews.ro\/index.php?rest_route=%2Fwp%2Fv2%2Fcomments&post=9544"}],"version-history":[{"count":1,"href":"http:\/\/timesnews.ro\/index.php?rest_route=\/wp\/v2\/posts\/9544\/revisions"}],"predecessor-version":[{"id":9546,"href":"http:\/\/timesnews.ro\/index.php?rest_route=\/wp\/v2\/posts\/9544\/revisions\/9546"}],"wp:featuredmedia":[{"embeddable":true,"href":"http:\/\/timesnews.ro\/index.php?rest_route=\/wp\/v2\/media\/9545"}],"wp:attachment":[{"href":"http:\/\/timesnews.ro\/index.php?rest_route=%2Fwp%2Fv2%2Fmedia&parent=9544"}],"wp:term":[{"taxonomy":"category","embeddable":true,"href":"http:\/\/timesnews.ro\/index.php?rest_route=%2Fwp%2Fv2%2Fcategories&post=9544"},{"taxonomy":"post_tag","embeddable":true,"href":"http:\/\/timesnews.ro\/index.php?rest_route=%2Fwp%2Fv2%2Ftags&post=9544"}],"curies":[{"name":"wp","href":"https:\/\/api.w.org\/{rel}","templated":true}]}}