{"id":9541,"date":"2018-12-10T15:47:33","date_gmt":"2018-12-10T15:47:33","guid":{"rendered":"http:\/\/timesnews.ro\/?p=9541"},"modified":"2018-12-10T15:47:33","modified_gmt":"2018-12-10T15:47:33","slug":"toto-cutugno-recital-de-exceptie-la-gala-premiilor-excelsior-alaturi-de-paula-seling-si-laura-bretan","status":"publish","type":"post","link":"http:\/\/timesnews.ro\/?p=9541","title":{"rendered":"Toto Cutugno recital de exceptie la Gala Premiilor Excelsior alaturi de Paula Seling si Laura Bretan"},"content":{"rendered":"<p><img loading=\"lazy\" decoding=\"async\" src=\"http:\/\/timesnews.ro\/wp-content\/uploads\/2018\/12\/Adrian-Gazdaru-Iuliana-Tudor-Toto-Cutugno-300x200.jpg\" alt=\"Adrian Gazdaru, Iuliana Tudor, Toto Cutugno\" width=\"300\" height=\"200\" class=\"alignnone size-medium wp-image-9542\" srcset=\"http:\/\/timesnews.ro\/wp-content\/uploads\/2018\/12\/Adrian-Gazdaru-Iuliana-Tudor-Toto-Cutugno-300x200.jpg 300w, http:\/\/timesnews.ro\/wp-content\/uploads\/2018\/12\/Adrian-Gazdaru-Iuliana-Tudor-Toto-Cutugno.jpg 600w\" sizes=\"auto, (max-width: 300px) 100vw, 300px\" \/><br \/>\n<strong>C\u00e2nt\u0103re\u021bul italian Toto Cutugno a fost invitatul special al Concursului Na\u021bional Gala Premiilor Excelsior 2018, un eveniment prin care Teatrul Excelsior din Bucure\u0219ti recunoa\u0219te \u0219i premiaz\u0103 excelen\u021ba \u00een c\u00e2ntul coral.<\/strong><\/p>\n<p>El a sus\u021binut un recital de excep\u021bie. Prima pies\u0103 a fost c\u00e2ntat\u0103 al\u0103turi de Paula Seling \u0219i Laura Bretan ((15 ani), castigatoarea celui de-al saselea sezon Romanii au talent si finalista la America&#8217;s Got Talent. Apoi celebrul c\u00e2nt\u0103re\u021b italian a ales dou\u0103 piese \u00een limba rom\u00e2n\u0103, &#8220;Ciob\u0103na\u0219 cu 300 de oi&#8221; \u0219i &#8220;A\u0219a-i rom\u00e2nul&#8221;, iar pe final a c\u00e2ntat celebrele lui piese care au scris istorie \u0219i a ridicat publicul \u00een picioare.<\/p>\n<p>Tot el a premiat, al\u0103turi de Iuliana Tudor \u0219i Adrian Gazdaru, c\u00e2\u0219tig\u0103torul serii, corul Meloritm.<\/p>\n<p>Gala \u00ee\u0219i propune s\u0103 fie o ramp\u0103 de lansare pentru tinerele talente, dar \u0219i o oportunitate pentru grupurile corale de amatori din \u00eentreaga \u021bar\u0103 de a se \u00eent\u00e2lni cu profesioni\u0219ti din sfera muzical\u0103 \u0219i de a primi aprecierea publicului larg.<\/p>\n<p>&#8220;Este singurul eveniment de acest gen din Europa, copila\u0219ii sunt foarte ferici\u021bi \u0219i pun mult suflet, vin cu toat\u0103 d\u0103ruirea al\u0103turi de coordonatorii lor la acest concurs. E greu de crezut c\u0103 \u00een epoca internetului, a jocurilor video \u0219i a calculatoarelor, sunt at\u00e2t de mul\u021bi copii care iubesc s\u0103 c\u00e2te \u00een cor. Este o activitate tare frumoas\u0103, care \u00eei \u00eenva\u021b\u0103 ce \u00eenseamn\u0103 spiritul de echip\u0103, \u00eei determin\u0103 s\u0103 fie competitivi, \u00eei face s\u0103 \u00ee\u0219i doreasc\u0103 s\u0103 se autodep\u0103\u0219easc\u0103. Iar noi ne dorim s\u0103  cre\u0219tem de la an la an acest eveniment. \u00cei felicit pe to\u021bi, au fost admirabili&#8221;, a declarat Adrian Gazdaru, directorul Teatrului Excelsior \u0219i ini\u021biatorul acestui proiect.<\/p>\n<p>Duminic\u0103, 9 decembrie, de la ora 17:00, \u00een transmisiune direct\u0103 pe TVR 2, am urm\u0103rit cele 10 coruri din marea final\u0103: Corul \u201eSf\u00e2nta Elisabeta\u201d (Bucure\u0219ti), Corul de Copii \u201eMeloritm\u201d (Bucure\u0219ti), Corul \u201eLia Cioc\u00e2rlia\u201d (Podul Ilioaiei, Ia\u0219i), Corul \u201eCununi\u021ba Munteneasc\u0103\u201d (Ploie\u0219ti), Corul \u201eVox Infantiae\u201d (Roman), Corul \u201eDolce\u201d (Slatina),Corul \u201eBravissimo\u201d (Bucure\u0219ti), Corul de copii \u201eSonoris\u201d (T\u00e2rgovi\u0219te), Corul \u201eTalita Kumi\u201d (Piatra-Neam\u021b) \u0219i Corul de copii al Liceului \u201eWaldorf\u201d (Timi\u0219oara).<\/p>\n<p>Juriul finalei a fost format din: Gheorghe Zamfir \u2013 naist virtuoz \u0219i compozitor \u0219i doctor \u00een muzic\u0103, Valentin Gruescu \u2013 dirijor, profesor universitar \u0219i doctor \u00een muzic\u0103, Daniel Jinga \u2013 maestru de cor al Operei Na\u021bionale Bucure\u0219ti, Paula Seling \u2013 una dintre cele mai apreciate voci feminine ale Rom\u00e2niei \u0219i Adrian G\u0103zdaru \u2013 Directorul Teatrului EXCELSIOR.<\/p>\n<p>Spectacolul a fost prezentat de Iuliana Tudor, iar \u00een Camera Verde tinerii arti\u0219ti au fost \u00eent\u00e2mpina\u021bi de Liana Stanciu. Evenimentul, care a fost transmis \u00een direct pe TVR 2, este organizat de Prim\u0103ria Municipiului Bucure\u0219ti prin Teatrul Excelsior, \u00een parteneriat cu Societatea Rom\u00e2n\u0103 de Televiziune \u0219i Ministerul Educa\u021biei Na\u021bionale<\/p>\n","protected":false},"excerpt":{"rendered":"<div class=\"mh-excerpt\"><p>C\u00e2nt\u0103re\u021bul italian Toto Cutugno a fost invitatul special al Concursului Na\u021bional Gala Premiilor Excelsior 2018, un eveniment prin care Teatrul Excelsior din Bucure\u0219ti recunoa\u0219te \u0219i premiaz\u0103 excelen\u021ba \u00een c\u00e2ntul coral. El a sus\u021binut un recital de excep\u021bie. Prima pies\u0103 a fost c\u00e2ntat\u0103 al\u0103turi de Paula <a class=\"mh-excerpt-more\" href=\"http:\/\/timesnews.ro\/?p=9541\" title=\"Toto Cutugno recital de exceptie la Gala Premiilor Excelsior alaturi de Paula Seling si Laura Bretan\">[&#8230;]<\/a><\/p>\n<\/div>","protected":false},"author":1,"featured_media":9542,"comment_status":"open","ping_status":"open","sticky":false,"template":"","format":"standard","meta":{"footnotes":""},"categories":[141],"tags":[4195,4196,3170,4194,4193],"class_list":["post-9541","post","type-post","status-publish","format-standard","has-post-thumbnail","hentry","category-eveniment","tag-gala-premiilor-excelsior","tag-laura-bretan","tag-paula-seling","tag-recital-de-exceptie","tag-toto-cutugno"],"_links":{"self":[{"href":"http:\/\/timesnews.ro\/index.php?rest_route=\/wp\/v2\/posts\/9541","targetHints":{"allow":["GET"]}}],"collection":[{"href":"http:\/\/timesnews.ro\/index.php?rest_route=\/wp\/v2\/posts"}],"about":[{"href":"http:\/\/timesnews.ro\/index.php?rest_route=\/wp\/v2\/types\/post"}],"author":[{"embeddable":true,"href":"http:\/\/timesnews.ro\/index.php?rest_route=\/wp\/v2\/users\/1"}],"replies":[{"embeddable":true,"href":"http:\/\/timesnews.ro\/index.php?rest_route=%2Fwp%2Fv2%2Fcomments&post=9541"}],"version-history":[{"count":1,"href":"http:\/\/timesnews.ro\/index.php?rest_route=\/wp\/v2\/posts\/9541\/revisions"}],"predecessor-version":[{"id":9543,"href":"http:\/\/timesnews.ro\/index.php?rest_route=\/wp\/v2\/posts\/9541\/revisions\/9543"}],"wp:featuredmedia":[{"embeddable":true,"href":"http:\/\/timesnews.ro\/index.php?rest_route=\/wp\/v2\/media\/9542"}],"wp:attachment":[{"href":"http:\/\/timesnews.ro\/index.php?rest_route=%2Fwp%2Fv2%2Fmedia&parent=9541"}],"wp:term":[{"taxonomy":"category","embeddable":true,"href":"http:\/\/timesnews.ro\/index.php?rest_route=%2Fwp%2Fv2%2Fcategories&post=9541"},{"taxonomy":"post_tag","embeddable":true,"href":"http:\/\/timesnews.ro\/index.php?rest_route=%2Fwp%2Fv2%2Ftags&post=9541"}],"curies":[{"name":"wp","href":"https:\/\/api.w.org\/{rel}","templated":true}]}}