{"id":9449,"date":"2018-09-18T16:17:50","date_gmt":"2018-09-18T16:17:50","guid":{"rendered":"http:\/\/timesnews.ro\/?p=9449"},"modified":"2018-09-18T16:17:50","modified_gmt":"2018-09-18T16:17:50","slug":"maia-morgenstern-prima-aparitie-in-fructul-oprit","status":"publish","type":"post","link":"http:\/\/timesnews.ro\/?p=9449","title":{"rendered":"Maia Morgenstern, prima apari\u021bie \u00een \u201eFructul oprit\u201d"},"content":{"rendered":"<p><strong>Marea doamn\u0103 a cinematografiei rom\u00e2ne\u0219ti &#8211; Maia Morgenstern are prima apari\u021bie, m\u00e2ine sear\u0103, de la ora 20.00, \u00een \u201cFructul oprit\u201d, serialul produs de Ruxandra Ion. \u00cendr\u0103gita actri\u021b\u0103 a primit cu mare bucurie propunerea de a face parte din cel de-al doilea sezon, al\u0103tur\u00e2ndu-se astfel distribu\u021biei de excep\u021bie a produc\u021biei.<\/strong><br \/>\n<strong>\u201c\u00cen primul r\u00e2nd a lucra pentru acest proiect \u00eenseamn\u0103 pentru mine a m\u0103 \u00eent\u00e2lni cu ni\u0219te actori pe care \u00eei admir enorm, pe care \u00eei respect enorm \u0219i de la care \u00eentotdeauna am ce \u00eenv\u0103\u021ba. \u0218i nu sunt vorbe mari, \u0219i nu sunt vorbe goale. Vorbim de domnul Marian R\u00e2lea, doamna Carmen T\u0103nase, doamna Ana Ciontea, vorbesc de tinerii actori, de la bucuria vie\u021bii, de la emo\u021bie, la a descoperi al\u0103turi de ei o gr\u0103mad\u0103 de lucruri \u0219i un sentiment bun, un sentiment al profesionalismului. Dorin\u021ba de a spune o poveste emo\u021bionant\u0103. Pe alocuri, sigur c\u0103 se cuvine s\u0103 \u0219i z\u00e2mbim\u201d,<\/strong> m\u0103rturise\u0219te Maia Morgenstern.<br \/>\n\u00cendr\u0103gita actri\u021b\u0103 o interpreteaz\u0103 pe Magda \u00een noul sezon al serialului, pe care Antena 1 \u00eel difuzeaz\u0103 \u00een fiecare zi de miercuri de la ora 20.00. <strong>\u201dDe obicei ne hazard\u0103m s\u0103 \u00eemp\u0103r\u021bim personajele \u00een pozitive \u0219i negative. Nu-i un personaj pozitiv, nu-i nici unul negativ. Are multe p\u0103cate, a avut multe miraje, multe iluzii. Are un soi de luciditate, uneori cinism cu care prive\u0219te via\u021ba \u0219i trecutul. \u00ce\u0219i asum\u0103 p\u0103catele trecutului, dar nimic \u00een ea nu-i lacrimogen. Nicio secund\u0103 nu-\u0219i pl\u00e2nge de mil\u0103. \u00ce\u0219i asum\u0103 vulnerabilitatea. E un om. Are la\u0219it\u0103\u021bi, are speran\u021be, are derapaje. De iubit, ea spune c\u0103 a iubit. Dac\u0103 i s-a p\u0103rut c\u0103 iube\u0219te sau chiar a iubit, ori dac\u0103 mai iube\u0219te vor descoperi telespectatorii pe parcursul pove\u0219tii, de-a lungul serialului. Spiritul drept\u0103\u021bii, dorin\u021ba de a-\u0219i face dreptate exist\u0103 \u00een ea. Nu \u0219tiu dac\u0103 m-a cucerit pe mine personajul sau \u00eel voi cuceri eu pe el. E un personaj care se na\u0219te, un personaj viu, care se contureaz\u0103, care se contrazice. Ca via\u021ba care vine peste noi. Un personaj pe care \u00eel descop\u0103r. E o lupt\u0103 \u00eentre mine \u0219i personaj \u0219i o \u00eentrebare pe care mi-o pun: Eu sunt a\u0219a sau nu sunt a\u0219a? M\u0103 las eu cucerit\u0103 de personaj sau \u00eel cuceresc eu?\u201d, <\/strong>spune Maia Morgenstern despre rolul s\u0103u, urm\u00e2nd s\u0103 aib\u0103 prima apari\u021bie \u00een episodul 4, care poate fi v\u0103zut m\u00e2ine sear\u0103 la Antena 1.<\/p>\n","protected":false},"excerpt":{"rendered":"<div class=\"mh-excerpt\"><p>Marea doamn\u0103 a cinematografiei rom\u00e2ne\u0219ti &#8211; Maia Morgenstern are prima apari\u021bie, m\u00e2ine sear\u0103, de la ora 20.00, \u00een \u201cFructul oprit\u201d, serialul produs de Ruxandra Ion. \u00cendr\u0103gita actri\u021b\u0103 a primit cu mare bucurie propunerea de a face parte din cel de-al doilea sezon, al\u0103tur\u00e2ndu-se astfel distribu\u021biei <a class=\"mh-excerpt-more\" href=\"http:\/\/timesnews.ro\/?p=9449\" title=\"Maia Morgenstern, prima apari\u021bie \u00een \u201eFructul oprit\u201d\">[&#8230;]<\/a><\/p>\n<\/div>","protected":false},"author":1,"featured_media":9450,"comment_status":"open","ping_status":"open","sticky":false,"template":"","format":"standard","meta":{"footnotes":""},"categories":[38],"tags":[1876,657,4131,4132],"class_list":["post-9449","post","type-post","status-publish","format-standard","has-post-thumbnail","hentry","category-vedete","tag-antena-1","tag-maia-morgenstern","tag-prima-aparitie","tag-fructul-oprit"],"_links":{"self":[{"href":"http:\/\/timesnews.ro\/index.php?rest_route=\/wp\/v2\/posts\/9449","targetHints":{"allow":["GET"]}}],"collection":[{"href":"http:\/\/timesnews.ro\/index.php?rest_route=\/wp\/v2\/posts"}],"about":[{"href":"http:\/\/timesnews.ro\/index.php?rest_route=\/wp\/v2\/types\/post"}],"author":[{"embeddable":true,"href":"http:\/\/timesnews.ro\/index.php?rest_route=\/wp\/v2\/users\/1"}],"replies":[{"embeddable":true,"href":"http:\/\/timesnews.ro\/index.php?rest_route=%2Fwp%2Fv2%2Fcomments&post=9449"}],"version-history":[{"count":1,"href":"http:\/\/timesnews.ro\/index.php?rest_route=\/wp\/v2\/posts\/9449\/revisions"}],"predecessor-version":[{"id":9451,"href":"http:\/\/timesnews.ro\/index.php?rest_route=\/wp\/v2\/posts\/9449\/revisions\/9451"}],"wp:featuredmedia":[{"embeddable":true,"href":"http:\/\/timesnews.ro\/index.php?rest_route=\/wp\/v2\/media\/9450"}],"wp:attachment":[{"href":"http:\/\/timesnews.ro\/index.php?rest_route=%2Fwp%2Fv2%2Fmedia&parent=9449"}],"wp:term":[{"taxonomy":"category","embeddable":true,"href":"http:\/\/timesnews.ro\/index.php?rest_route=%2Fwp%2Fv2%2Fcategories&post=9449"},{"taxonomy":"post_tag","embeddable":true,"href":"http:\/\/timesnews.ro\/index.php?rest_route=%2Fwp%2Fv2%2Ftags&post=9449"}],"curies":[{"name":"wp","href":"https:\/\/api.w.org\/{rel}","templated":true}]}}