{"id":9375,"date":"2018-07-27T15:11:37","date_gmt":"2018-07-27T15:11:37","guid":{"rendered":"http:\/\/timesnews.ro\/?p=9375"},"modified":"2018-07-27T15:11:37","modified_gmt":"2018-07-27T15:11:37","slug":"anamaria-rosa-preda-declaratii-siropoase-de-la-iubit","status":"publish","type":"post","link":"http:\/\/timesnews.ro\/?p=9375","title":{"rendered":"Anamaria Rosa Preda, declara\u021bii siropoase de la iubit"},"content":{"rendered":"<p><strong>Fata lui Aurelian Preda, Anamaria Roa iube\u0219te \u0219i este iubit\u0103. T\u00e2n\u0103rul care \u00eei face declara\u021bii siropoase este un coleg de luceu. Acum, fata regretatului c\u00e2nt\u0103re\u021b a devenit student\u0103.<\/strong><\/p>\n<p>Fata lui Aurelian Preda (18 ani), Anamaria Rosa Preda a trecut prin drama vie\u021bii ei, atunci c\u00e2nt tat\u0103l ei, Aurelian Preda s-a stins din via\u021b\u0103 la numai 47 de ani, \u00een urm\u0103 cu aproape doi ani. Cel care i-a fost al\u0103turi este iubitul ei, Dan Gabriel, care a ajutat-o s\u0103 treac\u0103 mai u\u0219or peste tragedie. \u0218i el \u00eei mul\u021bume\u0219te pentru c\u0103 o are al\u0103turi \u0219i nu las\u0103 s\u0103 treac\u0103 o zi f\u0103r\u0103 s\u0103 \u00eei spun\u0103 c\u00e2t de mult o iube\u0219te. &#8220;Discu\u0163ii! Te iubesc!&#8221;, &#8220;Uneori inima vede ce este invizibil pentru ochi&#8221;, &#8220;Mul\u0163umesc pentru toate momentele \u00een care ai fost l\u00e2ng\u0103 mine! Te iubesc!&#8221;, sunt c\u00e2teva dintre declara\u0163iile siropoase pe care Dan Gabriel i le-a f\u0103cut Anamariei Rosa pe o re\u021bea de socializare. Anamaria Rosa este acum student la ASE \u0219i, \u00een paralel, c\u00e2nt\u0103 muzic\u0103 popular\u0103.<br \/>\n<img loading=\"lazy\" decoding=\"async\" src=\"http:\/\/timesnews.ro\/wp-content\/uploads\/2018\/07\/fata-aurelian-preda-r-300x300.jpg\" alt=\"fata aurelian preda, r\" width=\"300\" height=\"300\" class=\"alignnone size-medium wp-image-9376\" srcset=\"http:\/\/timesnews.ro\/wp-content\/uploads\/2018\/07\/fata-aurelian-preda-r-300x300.jpg 300w, http:\/\/timesnews.ro\/wp-content\/uploads\/2018\/07\/fata-aurelian-preda-r-150x150.jpg 150w, http:\/\/timesnews.ro\/wp-content\/uploads\/2018\/07\/fata-aurelian-preda-r.jpg 600w\" sizes=\"auto, (max-width: 300px) 100vw, 300px\" \/><\/p>\n","protected":false},"excerpt":{"rendered":"<div class=\"mh-excerpt\"><p>Fata lui Aurelian Preda, Anamaria Roa iube\u0219te \u0219i este iubit\u0103. T\u00e2n\u0103rul care \u00eei face declara\u021bii siropoase este un coleg de luceu. Acum, fata regretatului c\u00e2nt\u0103re\u021b a devenit student\u0103. Fata lui Aurelian Preda (18 ani), Anamaria Rosa Preda a trecut prin drama vie\u021bii ei, atunci c\u00e2nt <a class=\"mh-excerpt-more\" href=\"http:\/\/timesnews.ro\/?p=9375\" title=\"Anamaria Rosa Preda, declara\u021bii siropoase de la iubit\">[&#8230;]<\/a><\/p>\n<\/div>","protected":false},"author":1,"featured_media":9377,"comment_status":"open","ping_status":"open","sticky":false,"template":"","format":"standard","meta":{"footnotes":""},"categories":[38],"tags":[4061,4062,622,872],"class_list":["post-9375","post","type-post","status-publish","format-standard","has-post-thumbnail","hentry","category-vedete","tag-anamaria-rosa-preda","tag-declaratii-siropoase","tag-dragoste","tag-iubit"],"_links":{"self":[{"href":"http:\/\/timesnews.ro\/index.php?rest_route=\/wp\/v2\/posts\/9375","targetHints":{"allow":["GET"]}}],"collection":[{"href":"http:\/\/timesnews.ro\/index.php?rest_route=\/wp\/v2\/posts"}],"about":[{"href":"http:\/\/timesnews.ro\/index.php?rest_route=\/wp\/v2\/types\/post"}],"author":[{"embeddable":true,"href":"http:\/\/timesnews.ro\/index.php?rest_route=\/wp\/v2\/users\/1"}],"replies":[{"embeddable":true,"href":"http:\/\/timesnews.ro\/index.php?rest_route=%2Fwp%2Fv2%2Fcomments&post=9375"}],"version-history":[{"count":1,"href":"http:\/\/timesnews.ro\/index.php?rest_route=\/wp\/v2\/posts\/9375\/revisions"}],"predecessor-version":[{"id":9378,"href":"http:\/\/timesnews.ro\/index.php?rest_route=\/wp\/v2\/posts\/9375\/revisions\/9378"}],"wp:featuredmedia":[{"embeddable":true,"href":"http:\/\/timesnews.ro\/index.php?rest_route=\/wp\/v2\/media\/9377"}],"wp:attachment":[{"href":"http:\/\/timesnews.ro\/index.php?rest_route=%2Fwp%2Fv2%2Fmedia&parent=9375"}],"wp:term":[{"taxonomy":"category","embeddable":true,"href":"http:\/\/timesnews.ro\/index.php?rest_route=%2Fwp%2Fv2%2Fcategories&post=9375"},{"taxonomy":"post_tag","embeddable":true,"href":"http:\/\/timesnews.ro\/index.php?rest_route=%2Fwp%2Fv2%2Ftags&post=9375"}],"curies":[{"name":"wp","href":"https:\/\/api.w.org\/{rel}","templated":true}]}}