{"id":9168,"date":"2018-02-20T11:17:01","date_gmt":"2018-02-20T11:17:01","guid":{"rendered":"http:\/\/timesnews.ro\/?p=9168"},"modified":"2018-02-20T11:17:01","modified_gmt":"2018-02-20T11:17:01","slug":"paul-surugiu-fuego-fericirea-nu-se-da-la-colt-si","status":"publish","type":"post","link":"http:\/\/timesnews.ro\/?p=9168","title":{"rendered":"Paul Surugiu-Fuego: \u201dFericirea nu se da la col\u021b \u0219i&#8230;\u201d"},"content":{"rendered":"<p>\u201dFericirea nu se da la col\u021b \u0219i nici nu are retete dup\u0103 care sa te ghidezi! Pur \u0219i simplu, e o realitate, indecisa, diferit\u0103, pe care o sim\u021bi c\u00e2nd, unde \u0219i cum vrei tu! Iar pe l\u00e2ng\u0103 toate, a fi fericit nu rimeaz\u0103 neaparat cu \u00eemplinire, ci e doar momentul in care totul e cum \u00ee\u021bi dore\u0219ti si ai parte de ce ti-ai pus in plan, fie ca e mult sau pu\u021bin!<br \/>\n\u0218ti\u021bi, mie nu-mi trebuie mult pentru a fi fericit, iar a mea e direct propor\u021bional\u0103 cu voi, cu munca \u0219i cu momentele in care sunt pe scena \u0219i uit parca de ce-i in jur, vr\u00e2nd sa repet la infinit acele unice momente!<br \/>\nFericirea este despre noi \u0219i ar fi p\u0103cat sa o \u00eentunecam cu neputin\u021be! Eu sunt fericit sa va anun\u021b ca pe 4 \u0219i 5 martie, jucam la Pitesti, la Teatrul &#8220;Alexandru Davila&#8221;, doua reprezenta\u021bii ale spectacolului &#8220;GRAMOFONUL CU AMINTIRI&#8221;, unde va a\u0219tept cu drag! #vaiubesc #fericire\u201d, scrie Fuego pe facebook.<br \/>\n<img loading=\"lazy\" decoding=\"async\" src=\"http:\/\/timesnews.ro\/wp-content\/uploads\/2018\/02\/paul-surugiu-fuego-r-252x300.jpg\" alt=\"paul surugiu fuego r\" width=\"252\" height=\"300\" class=\"alignnone size-medium wp-image-9169\" srcset=\"http:\/\/timesnews.ro\/wp-content\/uploads\/2018\/02\/paul-surugiu-fuego-r-252x300.jpg 252w, http:\/\/timesnews.ro\/wp-content\/uploads\/2018\/02\/paul-surugiu-fuego-r.jpg 600w\" sizes=\"auto, (max-width: 252px) 100vw, 252px\" \/><\/p>\n","protected":false},"excerpt":{"rendered":"<div class=\"mh-excerpt\"><p>\u201dFericirea nu se da la col\u021b \u0219i nici nu are retete dup\u0103 care sa te ghidezi! Pur \u0219i simplu, e o realitate, indecisa, diferit\u0103, pe care o sim\u021bi c\u00e2nd, unde \u0219i cum vrei tu! Iar pe l\u00e2ng\u0103 toate, a fi fericit nu rimeaz\u0103 neaparat cu <a class=\"mh-excerpt-more\" href=\"http:\/\/timesnews.ro\/?p=9168\" title=\"Paul Surugiu-Fuego: \u201dFericirea nu se da la col\u021b \u0219i&#8230;\u201d\">[&#8230;]<\/a><\/p>\n<\/div>","protected":false},"author":1,"featured_media":8381,"comment_status":"open","ping_status":"open","sticky":false,"template":"","format":"standard","meta":{"footnotes":""},"categories":[38],"tags":[1024,3952,3953,2777],"class_list":["post-9168","post","type-post","status-publish","format-standard","has-post-thumbnail","hentry","category-vedete","tag-colt","tag-fricire","tag-nu-e","tag-paul-surugiu-fuego"],"_links":{"self":[{"href":"http:\/\/timesnews.ro\/index.php?rest_route=\/wp\/v2\/posts\/9168","targetHints":{"allow":["GET"]}}],"collection":[{"href":"http:\/\/timesnews.ro\/index.php?rest_route=\/wp\/v2\/posts"}],"about":[{"href":"http:\/\/timesnews.ro\/index.php?rest_route=\/wp\/v2\/types\/post"}],"author":[{"embeddable":true,"href":"http:\/\/timesnews.ro\/index.php?rest_route=\/wp\/v2\/users\/1"}],"replies":[{"embeddable":true,"href":"http:\/\/timesnews.ro\/index.php?rest_route=%2Fwp%2Fv2%2Fcomments&post=9168"}],"version-history":[{"count":1,"href":"http:\/\/timesnews.ro\/index.php?rest_route=\/wp\/v2\/posts\/9168\/revisions"}],"predecessor-version":[{"id":9170,"href":"http:\/\/timesnews.ro\/index.php?rest_route=\/wp\/v2\/posts\/9168\/revisions\/9170"}],"wp:featuredmedia":[{"embeddable":true,"href":"http:\/\/timesnews.ro\/index.php?rest_route=\/wp\/v2\/media\/8381"}],"wp:attachment":[{"href":"http:\/\/timesnews.ro\/index.php?rest_route=%2Fwp%2Fv2%2Fmedia&parent=9168"}],"wp:term":[{"taxonomy":"category","embeddable":true,"href":"http:\/\/timesnews.ro\/index.php?rest_route=%2Fwp%2Fv2%2Fcategories&post=9168"},{"taxonomy":"post_tag","embeddable":true,"href":"http:\/\/timesnews.ro\/index.php?rest_route=%2Fwp%2Fv2%2Ftags&post=9168"}],"curies":[{"name":"wp","href":"https:\/\/api.w.org\/{rel}","templated":true}]}}