{"id":8853,"date":"2017-05-05T17:27:35","date_gmt":"2017-05-05T17:27:35","guid":{"rendered":"http:\/\/timesnews.ro\/?p=8853"},"modified":"2017-05-05T17:27:35","modified_gmt":"2017-05-05T17:27:35","slug":"paul-surugiu-fuego-arta-are-multiple-valente-si-inspira-la-randul-ei-pe-altii","status":"publish","type":"post","link":"http:\/\/timesnews.ro\/?p=8853","title":{"rendered":"Paul Surugiu-Fuego: \u201dArta are multiple valen\u021be \u0219i inspir\u0103, la r\u00e2ndul ei, pe al\u021bii&#8230;\u201d"},"content":{"rendered":"<p>Arta are multiple valen\u021be \u0219i inspir\u0103, la r\u00e2ndul ei, pe al\u021bii, s\u0103 fac\u0103 lucruri minuate. ART BY FUEGO propune art\u0103, idee, g\u00e2nd \u0219i-o f\u0103r\u00e2m\u0103 de suflet, \u00eenrudite toate cu un scop caritabil bine definit \u2013 un scop de excep\u021bie, care ajut\u0103 legendele Rom\u00e2niei \u0219i tinerele talente s\u0103 mearg\u0103 mai departe. Astfel, dup\u0103 cum am afirmat \u0219i \u00een alte ocazii, nimic pe lumea aceasta nu s-ar face dac\u0103 nu ne-am da m\u00e2na, dac\u0103 nu am l\u0103sa din egoism \u0219i am pune, \u00eempreun\u0103, um\u0103rul la rezolvarea unor cauze. \u0218i dincolo de ini\u021biativ\u0103, la frumuse\u021bea \u0219i promovarea artei.<br \/>\nIntr\u00e2nd pe www.artbyfuego.ro g\u0103si\u021bi lucr\u0103ri speciale, la pre\u021buri noi! Nu ezita\u021bi sa suna\u021bi \u015fi \u00een aceast\u0103 maniera pute\u021bi pune um\u0103rul la ini\u021biativa &#8220;Arta pentru suflet&#8221;!<br \/>\nTel. pentru comenzi: 0742.687.180<br \/>\nartbyfuego@gmail.com<\/p>\n<blockquote class=\"wp-embedded-content\" data-secret=\"CMgihlaiZa\"><p><a href=\"https:\/\/artbyfuego.ro\/\">PRIMA PAGINA<\/a><\/p><\/blockquote>\n<p><iframe loading=\"lazy\" class=\"wp-embedded-content\" sandbox=\"allow-scripts\" security=\"restricted\" style=\"position: absolute; visibility: hidden;\" title=\"&#8222;PRIMA PAGINA&#8221; &#8212; artbyfuego\" src=\"https:\/\/artbyfuego.ro\/embed\/#?secret=qqIC6bSJ3e#?secret=CMgihlaiZa\" data-secret=\"CMgihlaiZa\" width=\"500\" height=\"282\" frameborder=\"0\" marginwidth=\"0\" marginheight=\"0\" scrolling=\"no\"><\/iframe><\/p>\n","protected":false},"excerpt":{"rendered":"<div class=\"mh-excerpt\"><p>Arta are multiple valen\u021be \u0219i inspir\u0103, la r\u00e2ndul ei, pe al\u021bii, s\u0103 fac\u0103 lucruri minuate. ART BY FUEGO propune art\u0103, idee, g\u00e2nd \u0219i-o f\u0103r\u00e2m\u0103 de suflet, \u00eenrudite toate cu un scop caritabil bine definit \u2013 un scop de excep\u021bie, care ajut\u0103 legendele Rom\u00e2niei \u0219i tinerele <a class=\"mh-excerpt-more\" href=\"http:\/\/timesnews.ro\/?p=8853\" title=\"Paul Surugiu-Fuego: \u201dArta are multiple valen\u021be \u0219i inspir\u0103, la r\u00e2ndul ei, pe al\u021bii&#8230;\u201d\">[&#8230;]<\/a><\/p>\n<\/div>","protected":false},"author":1,"featured_media":8577,"comment_status":"open","ping_status":"open","sticky":false,"template":"","format":"standard","meta":{"footnotes":""},"categories":[38],"tags":[52,2869,277,56,2083,3637,1436,58,95,135,3636],"class_list":["post-8853","post","type-post","status-publish","format-standard","has-post-thumbnail","hentry","category-vedete","tag-ajuta","tag-altii","tag-arta","tag-fuego","tag-impreuna","tag-inspira","tag-legende","tag-paul-surugiu","tag-rand","tag-suflet","tag-valente"],"_links":{"self":[{"href":"http:\/\/timesnews.ro\/index.php?rest_route=\/wp\/v2\/posts\/8853","targetHints":{"allow":["GET"]}}],"collection":[{"href":"http:\/\/timesnews.ro\/index.php?rest_route=\/wp\/v2\/posts"}],"about":[{"href":"http:\/\/timesnews.ro\/index.php?rest_route=\/wp\/v2\/types\/post"}],"author":[{"embeddable":true,"href":"http:\/\/timesnews.ro\/index.php?rest_route=\/wp\/v2\/users\/1"}],"replies":[{"embeddable":true,"href":"http:\/\/timesnews.ro\/index.php?rest_route=%2Fwp%2Fv2%2Fcomments&post=8853"}],"version-history":[{"count":1,"href":"http:\/\/timesnews.ro\/index.php?rest_route=\/wp\/v2\/posts\/8853\/revisions"}],"predecessor-version":[{"id":8854,"href":"http:\/\/timesnews.ro\/index.php?rest_route=\/wp\/v2\/posts\/8853\/revisions\/8854"}],"wp:featuredmedia":[{"embeddable":true,"href":"http:\/\/timesnews.ro\/index.php?rest_route=\/wp\/v2\/media\/8577"}],"wp:attachment":[{"href":"http:\/\/timesnews.ro\/index.php?rest_route=%2Fwp%2Fv2%2Fmedia&parent=8853"}],"wp:term":[{"taxonomy":"category","embeddable":true,"href":"http:\/\/timesnews.ro\/index.php?rest_route=%2Fwp%2Fv2%2Fcategories&post=8853"},{"taxonomy":"post_tag","embeddable":true,"href":"http:\/\/timesnews.ro\/index.php?rest_route=%2Fwp%2Fv2%2Ftags&post=8853"}],"curies":[{"name":"wp","href":"https:\/\/api.w.org\/{rel}","templated":true}]}}