{"id":8803,"date":"2017-04-09T11:42:17","date_gmt":"2017-04-09T11:42:17","guid":{"rendered":"http:\/\/timesnews.ro\/?p=8803"},"modified":"2017-04-09T11:42:31","modified_gmt":"2017-04-09T11:42:31","slug":"cine-o-va-inlocui-pe-ciuculete-din-sufletul-copiilor-de-paste","status":"publish","type":"post","link":"http:\/\/timesnews.ro\/?p=8803","title":{"rendered":"Cine o va \u00eenlocui pe Ciuculete din sufletul copiilor de Pa\u0219te"},"content":{"rendered":"<p><img loading=\"lazy\" decoding=\"async\" src=\"http:\/\/timesnews.ro\/wp-content\/uploads\/2017\/03\/ciuculete-r-300x169.jpg\" alt=\"ciuculete r\" width=\"300\" height=\"169\" class=\"alignnone size-medium wp-image-8757\" srcset=\"http:\/\/timesnews.ro\/wp-content\/uploads\/2017\/03\/ciuculete-r-300x169.jpg 300w, http:\/\/timesnews.ro\/wp-content\/uploads\/2017\/03\/ciuculete-r.jpg 600w\" sizes=\"auto, (max-width: 300px) 100vw, 300px\" \/><\/p>\n<p>Ileana Ciuculete a l\u0103sat un lo gol \u00een sufletele tuturor celor care au iubit-o, dar mai ales \u00een sufletul b\u0103ie\u021bilor ei, Mugurel \u0219i Cristian, cu care s-a \u00eemp\u0103cat \u00eenainte s\u0103 moar\u0103.<\/p>\n<p>Ileana Ciuculete s-a stins din via\u021b\u0103 pe 14 martie, la 64 de ani, \u00een urma unei boli necru\u021b\u0103toare. Moartea interpretei de muzic\u0103 popular\u0103 a \u0219ocat o \u021bar\u0103 \u00eentreag\u0103 \u0219i i-a \u00eendurerat pe to\u021bi cei care au iubit-o. Cele maia fectate au fost rudele artistei, care au fost un monument de durere la \u00eenmorm\u00e2ntarea acesteia. \u0218i pentru ca b\u0103ie\u021bii artistei s\u0103 treac\u0103 mai u\u0219or peste primul Pa\u0219te f\u0103r\u0103 mama lor, ei o vor invita la masa de s\u0103rb\u0103tori pe Gigica, mama celor care le-a dat via\u021b\u0103. De altfel \u0219i b\u0103tr\u00e2na a fost d\u0103r\u00e2mat\u0103 \u0219i a pl\u00e2ns \u00eencontinuu. Ea a \u00eenduio\u0219at inimile celor prezen\u021bi \u00eenc\u0103 de la priveghi, c\u00e2nd \u0219i-a strigat fiica \u00eentr-una, de \u021bi se rupea inima. De Pa\u0219te, rudele artistei vor da de poman\u0103, iar pe 22 aprilie va avea loc parastasul de 40 de zile pentru Ileana Ciuculete , c\u00e2nd i se vor da de poman\u0103 din lucrurile sale. <\/p>\n","protected":false},"excerpt":{"rendered":"<div class=\"mh-excerpt\"><p>Ileana Ciuculete a l\u0103sat un lo gol \u00een sufletele tuturor celor care au iubit-o, dar mai ales \u00een sufletul b\u0103ie\u021bilor ei, Mugurel \u0219i Cristian, cu care s-a \u00eemp\u0103cat \u00eenainte s\u0103 moar\u0103. Ileana Ciuculete s-a stins din via\u021b\u0103 pe 14 martie, la 64 de ani, \u00een <a class=\"mh-excerpt-more\" href=\"http:\/\/timesnews.ro\/?p=8803\" title=\"Cine o va \u00eenlocui pe Ciuculete din sufletul copiilor de Pa\u0219te\">[&#8230;]<\/a><\/p>\n<\/div>","protected":false},"author":1,"featured_media":8757,"comment_status":"open","ping_status":"open","sticky":false,"template":"","format":"standard","meta":{"footnotes":""},"categories":[38],"tags":[894,3573,185,3617,1313,135,3618],"class_list":["post-8803","post","type-post","status-publish","format-standard","has-post-thumbnail","hentry","category-vedete","tag-cine","tag-ciuculete","tag-copii","tag-o","tag-paste","tag-suflet","tag-va-inlocui"],"_links":{"self":[{"href":"http:\/\/timesnews.ro\/index.php?rest_route=\/wp\/v2\/posts\/8803","targetHints":{"allow":["GET"]}}],"collection":[{"href":"http:\/\/timesnews.ro\/index.php?rest_route=\/wp\/v2\/posts"}],"about":[{"href":"http:\/\/timesnews.ro\/index.php?rest_route=\/wp\/v2\/types\/post"}],"author":[{"embeddable":true,"href":"http:\/\/timesnews.ro\/index.php?rest_route=\/wp\/v2\/users\/1"}],"replies":[{"embeddable":true,"href":"http:\/\/timesnews.ro\/index.php?rest_route=%2Fwp%2Fv2%2Fcomments&post=8803"}],"version-history":[{"count":1,"href":"http:\/\/timesnews.ro\/index.php?rest_route=\/wp\/v2\/posts\/8803\/revisions"}],"predecessor-version":[{"id":8804,"href":"http:\/\/timesnews.ro\/index.php?rest_route=\/wp\/v2\/posts\/8803\/revisions\/8804"}],"wp:featuredmedia":[{"embeddable":true,"href":"http:\/\/timesnews.ro\/index.php?rest_route=\/wp\/v2\/media\/8757"}],"wp:attachment":[{"href":"http:\/\/timesnews.ro\/index.php?rest_route=%2Fwp%2Fv2%2Fmedia&parent=8803"}],"wp:term":[{"taxonomy":"category","embeddable":true,"href":"http:\/\/timesnews.ro\/index.php?rest_route=%2Fwp%2Fv2%2Fcategories&post=8803"},{"taxonomy":"post_tag","embeddable":true,"href":"http:\/\/timesnews.ro\/index.php?rest_route=%2Fwp%2Fv2%2Ftags&post=8803"}],"curies":[{"name":"wp","href":"https:\/\/api.w.org\/{rel}","templated":true}]}}