{"id":8769,"date":"2017-03-22T14:17:23","date_gmt":"2017-03-22T14:17:23","guid":{"rendered":"http:\/\/timesnews.ro\/?p=8769"},"modified":"2017-03-22T14:17:23","modified_gmt":"2017-03-22T14:17:23","slug":"ce-lac-din-romania-care-nu-ingheata-niciodata-si-alunga-depresia","status":"publish","type":"post","link":"http:\/\/timesnews.ro\/?p=8769","title":{"rendered":"Ce lac din Rom\u00e2nia care nu \u00eenghea\u021b\u0103 niciodat\u0103 \u0219i alung\u0103 depresia!"},"content":{"rendered":"<p><strong>Dac\u0103 treci m\u0103car o dat\u0103 pe an pe aici, scapi de g\u00e2ndurile negre. E ceea ce \u00ee\u021bi promit localnicii din apropierea superbului lac Ochiul Beiului. Apa e de un albastru ireal \u0219i e at\u00e2t de transparent\u0103 \u00eenc\u00e2t pe fundul lacului se v\u0103d p\u0103str\u0103vii cum \u00eenoat\u0103.<\/strong><strong><\/strong><\/p>\n<p>Ochiul Beiului se afl\u0103 \u00een Parcul Na\u021bional Cheile Nerei \u2013 Beu\u0219ni\u021ba, din jude\u021bul Cara\u0219 Severin, la limita Mun\u021bilor Aninei cu Mun\u021bii Locvei, pe Valea R\u00e2ului Beiu. \u0218i pentru ca tabloul natural s\u0103 fie complet, aici mai g\u0103si\u021bi foarte aproape cascadele Beu\u0219ni\u021ba \u0219i Big\u0103r.<\/p>\n<p>Lacul este alimentat continuu de un izvor carstic subteran \u0219i datorit\u0103 acestui lucru nu \u00eenghea\u021b\u0103 niciodat\u0103 \u00een anotimpul rece. Pe tot timpul anului are o temperatur\u0103 constant\u0103 \u00eentre 4 \u0219i 8 grade Celsius. Datorit\u0103 acestei propriet\u0103\u021bi, atrage \u00een fiecare an p\u0103s\u0103ri migratoare precum st\u00e2rci cenu\u0219ii sau ra\u021be s\u0103lbatice.<\/p>\n<p>Se afl\u0103 la o altitudine de 310 metri \u0219i are forma unui crater oval sau a unui ochi. Diametrul s\u0103u este de 15 metri \u0219i are o ad\u00e2ncime maxim\u0103 de 3,5 metri.<\/p>\n<p>Legat de numele lacului exist\u0103 \u0219i un basm. \u00cen vremea Imperiul Otoman, un ora\u0219 sau o provincie era condus\u0103 de un bei. Fiul unui bei din zon\u0103 s-a \u00eendr\u0103gostit de fiica unui cioban. A r\u0103pit-o \u0219i a \u00eenchis-o \u00een Turnul Mare din Cheile Nerei. \u00cens\u0103, \u00een timpul nop\u021bii, t\u00e2n\u0103ra a reu\u0219it s\u0103 scape cu o funie \u00eempletit\u0103 din propria rochie. Beiul s-a enervat \u0219i a poruncit ca fata s\u0103 fie ucis\u0103. Fiul beiului n-a fost de acord, s-a sup\u0103rat \u0219i a pl\u00e2ns \u00een p\u0103dure p\u00e2n\u0103 s-a creat lacul de ast\u0103zi.<\/p>\n<p>Mai exist\u0103 o legend\u0103 popular\u0103 care spune c\u0103 \u00een noaptea de S\u00e2nziene, pe 24 iunie, \u00een jurul Lacului Ochiul Beiului se str\u00e2ng ielele, danseaz\u0103 p\u00e2n\u0103 spre diminea\u021b\u0103 \u0219i atrag prin farmecul lor b\u0103rba\u021bii, care dispar \u00een p\u0103durea virgin\u0103.<\/p>\n<p>Accesul la Ochiul Beiului se face pe traseul Cascada Beu\u0219ni\u021ba, din Drumul Na\u021bional 57, Oravi\u021ba \u2013 Moldova Nou\u0103, spre Sasca Montan\u0103, prin localitatea Potoc, p\u00e2n\u0103 la Podul Bei. De aici, pe un drum forestier, se poate merge cu ma\u0219ina p\u00e2n\u0103 la p\u0103str\u0103v\u0103rie.<\/p>\n<p>Fotografia articolului: Dusan Baiski\/dusanbaiski.eu\/ideipentruvacanta.ro<\/p>\n","protected":false},"excerpt":{"rendered":"<div class=\"mh-excerpt\"><p>Dac\u0103 treci m\u0103car o dat\u0103 pe an pe aici, scapi de g\u00e2ndurile negre. E ceea ce \u00ee\u021bi promit localnicii din apropierea superbului lac Ochiul Beiului. Apa e de un albastru ireal \u0219i e at\u00e2t de transparent\u0103 \u00eenc\u00e2t pe fundul lacului se v\u0103d p\u0103str\u0103vii cum \u00eenoat\u0103. <a class=\"mh-excerpt-more\" href=\"http:\/\/timesnews.ro\/?p=8769\" title=\"Ce lac din Rom\u00e2nia care nu \u00eenghea\u021b\u0103 niciodat\u0103 \u0219i alung\u0103 depresia!\">[&#8230;]<\/a><\/p>\n<\/div>","protected":false},"author":1,"featured_media":8770,"comment_status":"open","ping_status":"open","sticky":false,"template":"","format":"standard","meta":{"footnotes":""},"categories":[349],"tags":[784,938,3585,3584,1523,1525,3583],"class_list":["post-8769","post","type-post","status-publish","format-standard","has-post-thumbnail","hentry","category-calatorii","tag-alunga","tag-ce","tag-depresie","tag-ingheata","tag-lac","tag-legenda","tag-ochiul-beiului"],"_links":{"self":[{"href":"http:\/\/timesnews.ro\/index.php?rest_route=\/wp\/v2\/posts\/8769","targetHints":{"allow":["GET"]}}],"collection":[{"href":"http:\/\/timesnews.ro\/index.php?rest_route=\/wp\/v2\/posts"}],"about":[{"href":"http:\/\/timesnews.ro\/index.php?rest_route=\/wp\/v2\/types\/post"}],"author":[{"embeddable":true,"href":"http:\/\/timesnews.ro\/index.php?rest_route=\/wp\/v2\/users\/1"}],"replies":[{"embeddable":true,"href":"http:\/\/timesnews.ro\/index.php?rest_route=%2Fwp%2Fv2%2Fcomments&post=8769"}],"version-history":[{"count":1,"href":"http:\/\/timesnews.ro\/index.php?rest_route=\/wp\/v2\/posts\/8769\/revisions"}],"predecessor-version":[{"id":8771,"href":"http:\/\/timesnews.ro\/index.php?rest_route=\/wp\/v2\/posts\/8769\/revisions\/8771"}],"wp:featuredmedia":[{"embeddable":true,"href":"http:\/\/timesnews.ro\/index.php?rest_route=\/wp\/v2\/media\/8770"}],"wp:attachment":[{"href":"http:\/\/timesnews.ro\/index.php?rest_route=%2Fwp%2Fv2%2Fmedia&parent=8769"}],"wp:term":[{"taxonomy":"category","embeddable":true,"href":"http:\/\/timesnews.ro\/index.php?rest_route=%2Fwp%2Fv2%2Fcategories&post=8769"},{"taxonomy":"post_tag","embeddable":true,"href":"http:\/\/timesnews.ro\/index.php?rest_route=%2Fwp%2Fv2%2Ftags&post=8769"}],"curies":[{"name":"wp","href":"https:\/\/api.w.org\/{rel}","templated":true}]}}