{"id":8582,"date":"2017-01-03T15:00:35","date_gmt":"2017-01-03T15:00:35","guid":{"rendered":"http:\/\/timesnews.ro\/?p=8582"},"modified":"2017-01-03T15:00:35","modified_gmt":"2017-01-03T15:00:35","slug":"cascada-bigar-a-inghetat-cum-arata-renumita-cascada","status":"publish","type":"post","link":"http:\/\/timesnews.ro\/?p=8582","title":{"rendered":"Cascada Big\u0103r a \u00eenghe\u021bat! Cum arat\u0103 renumita cascad\u0103"},"content":{"rendered":"<p>Cascada Big\u0103r, \u00eentr-o perdea de ghea\u0163\u0103<\/p>\n<p><img loading=\"lazy\" decoding=\"async\" src=\"http:\/\/timesnews.ro\/wp-content\/uploads\/2017\/01\/ciprian-floare-300x200.jpg\" alt=\"ciprian-floare\" width=\"300\" height=\"200\" class=\"alignnone size-medium wp-image-8583\" srcset=\"http:\/\/timesnews.ro\/wp-content\/uploads\/2017\/01\/ciprian-floare-300x200.jpg 300w, http:\/\/timesnews.ro\/wp-content\/uploads\/2017\/01\/ciprian-floare-768x511.jpg 768w, http:\/\/timesnews.ro\/wp-content\/uploads\/2017\/01\/ciprian-floare.jpg 960w\" sizes=\"auto, (max-width: 300px) 100vw, 300px\" \/><br \/>\nFoto: Ciprian Floare<br \/>\nValea Mini\u015fului este \u00eenv\u0103luit\u0103, zilele acestea, \u00eentr-o perdea de ghea\u0163\u0103, pentru c\u0103 temperaturile \u00een zon\u0103 au sc\u0103zut cu multe grade sub minus, iar \u015firoaiele de ap\u0103 s-au transformat \u00een fire de cle\u015ftar. Apa, care se prelinge pe mu\u015fchiul gros \u015fi mereu verde al celei mai frumoase cascade din lume (n.r. Big\u0103r) a \u00eenghe\u0163at din cauza gerului \u015fi a v\u00e2ntului t\u0103ios, iar perdeaua de ghea\u0163\u0103 \u00eembrac\u0103 st\u00e2ncile, din jurul acesteia \u00een coloane de \u0163ur\u0163uri. Turi\u015ftii care ajung pe Valea Mini\u015fului au prilejul s\u0103 vad\u0103 un spectacol inedit oferit de natura Banatului de Munte la sf\u00e2r\u015fit de ianuarie calendaristic.<\/p>\n<p>Valea Poneasca este o localitate \u00een jude\u0163ul Cara\u015f-Severin, situat\u0103 la 10 km de Anina \u015fi 20 de Bozovici, \u00eentre primul \u015fi cel de-al doilea sector de chei ale r\u00e2ului Mini\u015f, \u00eenainte ca apele s\u0103 formeze lacul de acumulare Cerbu cunoscut\u0103 sub denumirea de Gura Gol\u00e2mbului.<\/p>\n<p>Localitatea este compus\u0103 dintr-o tab\u0103r\u0103 pentru copii, nefunc\u0163ional\u0103 \u00een prezent, ni\u015fte case \u00een stare avansat\u0103 de degradare, un canton silvic \u015fi un fost restaurant. Sus pe deal se g\u0103se\u015fte o planta\u0163ie de zmeur\u0103. Are sta\u0163ie de autobuz. Este punct de plecare turistic spre Lacul Buhui, Pe\u015ftera de la Captare \u015fi cascada aferent\u0103, lacul Cerbu, Cheile Mini\u015fului, poienile Liciovacea \u015fi Blezovacea, Rezervatia Cascada, Pe\u015ftera \u015fi Izbucul Big\u0103r (7 km).<br \/>\n1 de 3<\/p>\n<p>Sursa: Radio Re\u015fi\u0163a<\/p>\n","protected":false},"excerpt":{"rendered":"<div class=\"mh-excerpt\"><p>Cascada Big\u0103r, \u00eentr-o perdea de ghea\u0163\u0103 Foto: Ciprian Floare Valea Mini\u015fului este \u00eenv\u0103luit\u0103, zilele acestea, \u00eentr-o perdea de ghea\u0163\u0103, pentru c\u0103 temperaturile \u00een zon\u0103 au sc\u0103zut cu multe grade sub minus, iar \u015firoaiele de ap\u0103 s-au transformat \u00een fire de cle\u015ftar. Apa, care se prelinge <a class=\"mh-excerpt-more\" href=\"http:\/\/timesnews.ro\/?p=8582\" title=\"Cascada Big\u0103r a \u00eenghe\u021bat! Cum arat\u0103 renumita cascad\u0103\">[&#8230;]<\/a><\/p>\n<\/div>","protected":false},"author":1,"featured_media":8583,"comment_status":"open","ping_status":"open","sticky":false,"template":"","format":"standard","meta":{"footnotes":""},"categories":[349],"tags":[3390,3387,1373,3389,3388,2246],"class_list":["post-8582","post","type-post","status-publish","format-standard","has-post-thumbnail","hentry","category-calatorii","tag-beusnita","tag-bigar","tag-cascada","tag-floare","tag-inghetat","tag-renumita"],"_links":{"self":[{"href":"http:\/\/timesnews.ro\/index.php?rest_route=\/wp\/v2\/posts\/8582","targetHints":{"allow":["GET"]}}],"collection":[{"href":"http:\/\/timesnews.ro\/index.php?rest_route=\/wp\/v2\/posts"}],"about":[{"href":"http:\/\/timesnews.ro\/index.php?rest_route=\/wp\/v2\/types\/post"}],"author":[{"embeddable":true,"href":"http:\/\/timesnews.ro\/index.php?rest_route=\/wp\/v2\/users\/1"}],"replies":[{"embeddable":true,"href":"http:\/\/timesnews.ro\/index.php?rest_route=%2Fwp%2Fv2%2Fcomments&post=8582"}],"version-history":[{"count":1,"href":"http:\/\/timesnews.ro\/index.php?rest_route=\/wp\/v2\/posts\/8582\/revisions"}],"predecessor-version":[{"id":8584,"href":"http:\/\/timesnews.ro\/index.php?rest_route=\/wp\/v2\/posts\/8582\/revisions\/8584"}],"wp:featuredmedia":[{"embeddable":true,"href":"http:\/\/timesnews.ro\/index.php?rest_route=\/wp\/v2\/media\/8583"}],"wp:attachment":[{"href":"http:\/\/timesnews.ro\/index.php?rest_route=%2Fwp%2Fv2%2Fmedia&parent=8582"}],"wp:term":[{"taxonomy":"category","embeddable":true,"href":"http:\/\/timesnews.ro\/index.php?rest_route=%2Fwp%2Fv2%2Fcategories&post=8582"},{"taxonomy":"post_tag","embeddable":true,"href":"http:\/\/timesnews.ro\/index.php?rest_route=%2Fwp%2Fv2%2Ftags&post=8582"}],"curies":[{"name":"wp","href":"https:\/\/api.w.org\/{rel}","templated":true}]}}