{"id":8291,"date":"2016-09-19T10:15:22","date_gmt":"2016-09-19T10:15:22","guid":{"rendered":"http:\/\/timesnews.ro\/?p=8291"},"modified":"2016-09-19T10:15:22","modified_gmt":"2016-09-19T10:15:22","slug":"andreea-dogaru-prezinta-rochii-de-mireasa-in-dubai","status":"publish","type":"post","link":"http:\/\/timesnews.ro\/?p=8291","title":{"rendered":"Andreea Dogaru prezint\u0103 rochii de mireas\u0103 \u00een Dubai"},"content":{"rendered":"<p> <img loading=\"lazy\" decoding=\"async\" src=\"http:\/\/timesnews.ro\/wp-content\/uploads\/2016\/09\/14329866_10209444784031026_2753449512063657657_n-169x300.jpg\" alt=\"14329866_10209444784031026_2753449512063657657_n\" width=\"169\" height=\"300\" class=\"alignnone size-medium wp-image-8292\" srcset=\"http:\/\/timesnews.ro\/wp-content\/uploads\/2016\/09\/14329866_10209444784031026_2753449512063657657_n-169x300.jpg 169w, http:\/\/timesnews.ro\/wp-content\/uploads\/2016\/09\/14329866_10209444784031026_2753449512063657657_n.jpg 540w\" sizes=\"auto, (max-width: 169px) 100vw, 169px\" \/><\/p>\n<p>Andreea Dogaru a plecat azi, \u00een Emiratele Arabe, pentru a-\u0219i prezenta cea mai nou\u0103 colec\u021bie de mod\u0103, la care a lucrat intens \u00een ultima perioad\u0103.<\/p>\n<p>Creatoarea de mod\u0103 va participa la Fashion Flair, un eveniment important \u00een mod\u0103 ce se desf\u0103\u0219oar\u0103 \u00een perioada 20-22 septembrie la Park Hyatt, un resort de lux din Dubai. Dac\u0103 p\u00e2n\u0103 acum, t\u00e2n\u0103rul designer se prezenta la evenimentele de afar\u0103 cu \u021binute haute-couture, de aceast\u0103 dat\u0103, Andreea a optat pentru o colec\u021bie de rochii de mireas\u0103, \u00een care vor defila pe podium cele mai sofisticate manechine \u00een cea de a doua sear\u0103. Andreea Dogaru particip\u0103 pentru prima dat\u0103 la acest eveniment de anvergur\u0103. \u201dVoi lansa o colec\u021bie pentru mirese. Colec\u021bia este una romantic\u0103, predomin\u0103 croiul, rochii tip prin\u021beas\u0103\u2026 Materialele sunt de bun\u0103 calitate. Am folosit dantele brodate \u0219i<br \/>\naccesorizate manual, dantele 3 D. Mireasa noastr\u0103 este o femeie puternic\u0103, independent\u0103, con\u0219tient\u0103 de feminitatea sa. Este o colec\u021bie la care mi-am pus tot sufletul. M-a\u0219 vedea mires\u0103 \u00een oricare din ele\u201d, afirm\u0103 designerul Andreea Dogaru, care, deseori, a fost comparat\u0103 peste hotare, cu Alexander McQueen.<br \/>\n<img loading=\"lazy\" decoding=\"async\" src=\"http:\/\/timesnews.ro\/wp-content\/uploads\/2016\/09\/andreea-3-1-200x300.jpg\" alt=\"andreea-3\" width=\"200\" height=\"300\" class=\"alignnone size-medium wp-image-8265\" srcset=\"http:\/\/timesnews.ro\/wp-content\/uploads\/2016\/09\/andreea-3-1-200x300.jpg 200w, http:\/\/timesnews.ro\/wp-content\/uploads\/2016\/09\/andreea-3-1.jpg 600w\" sizes=\"auto, (max-width: 200px) 100vw, 200px\" \/><\/p>\n","protected":false},"excerpt":{"rendered":"<div class=\"mh-excerpt\"><p>Andreea Dogaru a plecat azi, \u00een Emiratele Arabe, pentru a-\u0219i prezenta cea mai nou\u0103 colec\u021bie de mod\u0103, la care a lucrat intens \u00een ultima perioad\u0103. Creatoarea de mod\u0103 va participa la Fashion Flair, un eveniment important \u00een mod\u0103 ce se desf\u0103\u0219oar\u0103 \u00een perioada 20-22 septembrie <a class=\"mh-excerpt-more\" href=\"http:\/\/timesnews.ro\/?p=8291\" title=\"Andreea Dogaru prezint\u0103 rochii de mireas\u0103 \u00een Dubai\">[&#8230;]<\/a><\/p>\n<\/div>","protected":false},"author":1,"featured_media":8264,"comment_status":"open","ping_status":"open","sticky":false,"template":"","format":"standard","meta":{"footnotes":""},"categories":[38],"tags":[2567,434,475,3072,3074,823,2990,72,73,912,3073],"class_list":["post-8291","post","type-post","status-publish","format-standard","has-post-thumbnail","hentry","category-vedete","tag-a-plecat","tag-andreea-dogaru","tag-colectie","tag-dubai","tag-fashion-flair","tag-mireasa","tag-participa","tag-prezentare","tag-rochii","tag-un","tag-veniment"],"_links":{"self":[{"href":"http:\/\/timesnews.ro\/index.php?rest_route=\/wp\/v2\/posts\/8291","targetHints":{"allow":["GET"]}}],"collection":[{"href":"http:\/\/timesnews.ro\/index.php?rest_route=\/wp\/v2\/posts"}],"about":[{"href":"http:\/\/timesnews.ro\/index.php?rest_route=\/wp\/v2\/types\/post"}],"author":[{"embeddable":true,"href":"http:\/\/timesnews.ro\/index.php?rest_route=\/wp\/v2\/users\/1"}],"replies":[{"embeddable":true,"href":"http:\/\/timesnews.ro\/index.php?rest_route=%2Fwp%2Fv2%2Fcomments&post=8291"}],"version-history":[{"count":1,"href":"http:\/\/timesnews.ro\/index.php?rest_route=\/wp\/v2\/posts\/8291\/revisions"}],"predecessor-version":[{"id":8293,"href":"http:\/\/timesnews.ro\/index.php?rest_route=\/wp\/v2\/posts\/8291\/revisions\/8293"}],"wp:featuredmedia":[{"embeddable":true,"href":"http:\/\/timesnews.ro\/index.php?rest_route=\/wp\/v2\/media\/8264"}],"wp:attachment":[{"href":"http:\/\/timesnews.ro\/index.php?rest_route=%2Fwp%2Fv2%2Fmedia&parent=8291"}],"wp:term":[{"taxonomy":"category","embeddable":true,"href":"http:\/\/timesnews.ro\/index.php?rest_route=%2Fwp%2Fv2%2Fcategories&post=8291"},{"taxonomy":"post_tag","embeddable":true,"href":"http:\/\/timesnews.ro\/index.php?rest_route=%2Fwp%2Fv2%2Ftags&post=8291"}],"curies":[{"name":"wp","href":"https:\/\/api.w.org\/{rel}","templated":true}]}}