{"id":7964,"date":"2016-08-08T13:17:12","date_gmt":"2016-08-08T13:17:12","guid":{"rendered":"http:\/\/www.7life.ro\/?p=7964"},"modified":"2016-08-08T13:17:12","modified_gmt":"2016-08-08T13:17:12","slug":"geanina-ilies-a-plecat-de-la-antena-1","status":"publish","type":"post","link":"http:\/\/timesnews.ro\/?p=7964","title":{"rendered":"Geanina Ilie\u015f a plecat de la Antena 1"},"content":{"rendered":"<p><strong>Vedeta Antenei 1 a acordat o declara\u0163ie \u00een exclusivitate pentru site-ul eva.ro.<\/strong><\/p>\n<p><a href=\"http:\/\/www.7life.ro\/wp-content\/uploads\/2016\/08\/geanina-ilies.jpg\"><img loading=\"lazy\" decoding=\"async\" class=\"alignnone size-medium wp-image-7965\" src=\"http:\/\/www.7life.ro\/wp-content\/uploads\/2016\/08\/geanina-ilies-200x300.jpg\" alt=\"geanina ilies\" width=\"200\" height=\"300\" \/><\/a><\/p>\n<p>Geanina Ilie\u015f prezentatoarea Observatorului de weekend \u015fi Observatorului Special, spune adio \u015ftirilor dupa 6 ani. Decizia \u00eei apar\u0163ine \u00een totalitate vedetei, care a decis s\u0103 ia o pauz\u0103 \u00een care s\u0103 acorde mai mult timp familiei \u015fi proiectelor personale.<\/p>\n<p>Geanina Ilie\u015f, vedeta Observator Antena 1, considerat\u0103 de public \u015fi de Mass Media una din cele mai frumoase vedete din Rom\u00e2nia, a acordat o declara\u0163ie \u00een exclusivitate pentru site-ul eva.ro.<\/p>\n<p>\u201c<em>Acum 6 ani ajungeam \u00een trustul Antena 1 cu emo\u0163ii \u015fi totodat\u0103 cu entuziasm pentru c\u0103 urma s\u0103 lucrez \u00een echipa ce m-a modelat \u00een jurnalistul care sunt ast\u0103zi. Am parcurs jurnale cu \u015ftiri pl\u0103cute \u015fi totodat\u0103 mai pu\u0163in pl\u0103cute, live-uri \u00een cadrul Observatorului, edi\u0163ii speciale, interviuri, campanii cu un puternic impact asupra telespectatorilor, care au schimbat vie\u0163i. Am pus suflet \u00een toate \u015ftirile realizate, chiar \u015fi c\u00e2nd ceasul \u00eemi suna mai devreme de ora 4 diminea\u0163a \u00een fiecare week-end. Am lucrat cu oameni profesioni\u015fti, iar asta m-a ambi\u0163ionat s\u0103 m\u0103 autodep\u0103\u015fesc \u00een anumite situa\u0163ii. Toate aceste lucruri m-au ajutat s\u0103 dob\u00e2ndesc experien\u0163\u0103, seriozitate \u015fi profesionalism \u00een acest domeniu.<\/em><\/p>\n<p>Iat\u0103 c\u0103 a venit momentul s\u0103-mi iau r\u0103mas bun de la pupitrul Observatorului \u015fi s\u0103 m\u0103 concentrez mai mult pe proiectele mele personale, la care am lucrat \u00een ultimul timp. Este o decizie pe care am luat-o personal. Acum, dup\u0103 v\u00e2rst\u0103 de 30 de ani, simt c\u0103 am nevoie de un restart \u00een proiectele de via\u0163\u0103, care s\u0103-mi ocupe zilele s\u0103pt\u0103m\u00e2nii \u015fi nu s\u00e2mbetele \u015fi duminicile, weekend-urile pe care a\u015f vrea s\u0103 le dedic de acum exclusiv copilului meu \u015fi familiei.<\/p>\n<p>\u00cen urm\u0103toarele c\u00e2teva luni voi lua o mic\u0103 pauz\u0103 \u00een ceea ce prive\u015fte televiziunea, timp \u00een care \u00eemi voi pune la punct proiectele pe care \u00eemi doresc s\u0103 le lansez din toamn\u0103.\u00a0 \u00cen ceea ce prive\u015fte propunerile din partea altor trusturi, c\u0103 la orice persoan\u0103 public\u0103, da, au fost, dar \u00een momentul de fa\u0163\u0103 nu exist\u0103 nicio concretizare in acest sens. \u00a0Mul\u0163umesc publicului telespectator pentru toate g\u00e2ndurile bune, dar \u015fi colegilor de la Observator, care mul\u0163i dintre ei s-au transformat \u00een adev\u0103ra\u0163i prieteni.\u00a0 V\u0103 a\u015ftept cu drag, pentru ultima oar\u0103, \u00een weekend-ul ce va urma, la Observator&#8230; s\u0103 ne lu\u0103m r\u0103mas bun! Ne vedem \u00een continuare pe pagina de facebook, instagram \u015fi \u00een cur\u00e2nd pe site-ul geaninailies.ro\u201d.<\/p>\n<p>Geanina Ilie\u015f a absolvit Facultatea de Juralism Hyperion \u00een 2008. \u015ei-a \u00eenceput cariera \u00een televiziune \u00een anul 2009 la Prima TV, prezent\u00e2nd \u015ftirile sportive. \u00cen anul 2010 semneaz\u0103 cu Antena 1, unde prezint\u0103 tot \u015ftirile sportive, iar dup\u0103 o perioad\u0103 trece la pupitrul Observatorului. Geanina Ilie\u015f este singura femeie care a comentat un meci de Champions League (Olympiakos \u2013 Bordeaux), punct\u00e2nd o premier\u0103 \u00een Rom\u00e2nia. Confom topurilor FHM, Geanina Ilie\u015f este una dintre cele mai sexy femei din lume. Doi ani consecutivi a fost desemnat\u0103 cea mai atr\u0103g\u0103toare prezentatoare de \u015ftiri.<\/p>\n<p>Geanina Ilie\u015f a fost desemnat\u0103 \u201cCea mai atr\u0103g\u0103toare vedet\u0103 de televiziune\u201d \u00een cadrul Galei Eva.ro \u00een 2011, 2013 \u015fi 2016 \u2013 conform voturilor a peste 100.000 de cititori. \u00a0Promotor al stilului de via\u0163\u0103 s\u0103n\u0103tos, implicat\u0103 \u00een campanii caritabile \u015fi sociale precum: \u201cBalul Albastru\u201d, \u201cAlege un viitor frumos prin sport\u201d sau \u201cHospice Casa Speran\u0163ei\u201d, \u00een momentul actual \u00a0vedeta de\u0163ine un bussines de care se ocup\u0103 personal \u015fi este mama a unui b\u0103ie\u0163el \u00een v\u00e2rst\u0103 de 9 ani.<\/p>\n","protected":false},"excerpt":{"rendered":"<div class=\"mh-excerpt\"><p>Vedeta Antenei 1 a acordat o declara\u0163ie \u00een exclusivitate pentru site-ul eva.ro. Geanina Ilie\u015f prezentatoarea Observatorului de weekend \u015fi Observatorului Special, spune adio \u015ftirilor dupa 6 ani. Decizia \u00eei apar\u0163ine \u00een totalitate vedetei, care a decis s\u0103 ia o pauz\u0103 \u00een care s\u0103 acorde mai <a class=\"mh-excerpt-more\" href=\"http:\/\/timesnews.ro\/?p=7964\" title=\"Geanina Ilie\u015f a plecat de la Antena 1\">[&#8230;]<\/a><\/p>\n<\/div>","protected":false},"author":1,"featured_media":7965,"comment_status":"open","ping_status":"open","sticky":false,"template":"","format":"standard","meta":{"footnotes":""},"categories":[38],"tags":[2567,1876,2568,390,509,2569,1993,375],"class_list":["post-7964","post","type-post","status-publish","format-standard","has-post-thumbnail","hentry","category-vedete","tag-a-plecat","tag-antena-1","tag-entuziasm","tag-geanina-ilies","tag-moment","tag-observator","tag-proiect","tag-vedeta"],"_links":{"self":[{"href":"http:\/\/timesnews.ro\/index.php?rest_route=\/wp\/v2\/posts\/7964","targetHints":{"allow":["GET"]}}],"collection":[{"href":"http:\/\/timesnews.ro\/index.php?rest_route=\/wp\/v2\/posts"}],"about":[{"href":"http:\/\/timesnews.ro\/index.php?rest_route=\/wp\/v2\/types\/post"}],"author":[{"embeddable":true,"href":"http:\/\/timesnews.ro\/index.php?rest_route=\/wp\/v2\/users\/1"}],"replies":[{"embeddable":true,"href":"http:\/\/timesnews.ro\/index.php?rest_route=%2Fwp%2Fv2%2Fcomments&post=7964"}],"version-history":[{"count":0,"href":"http:\/\/timesnews.ro\/index.php?rest_route=\/wp\/v2\/posts\/7964\/revisions"}],"wp:featuredmedia":[{"embeddable":true,"href":"http:\/\/timesnews.ro\/index.php?rest_route=\/"}],"wp:attachment":[{"href":"http:\/\/timesnews.ro\/index.php?rest_route=%2Fwp%2Fv2%2Fmedia&parent=7964"}],"wp:term":[{"taxonomy":"category","embeddable":true,"href":"http:\/\/timesnews.ro\/index.php?rest_route=%2Fwp%2Fv2%2Fcategories&post=7964"},{"taxonomy":"post_tag","embeddable":true,"href":"http:\/\/timesnews.ro\/index.php?rest_route=%2Fwp%2Fv2%2Ftags&post=7964"}],"curies":[{"name":"wp","href":"https:\/\/api.w.org\/{rel}","templated":true}]}}