{"id":7463,"date":"2016-06-13T12:57:57","date_gmt":"2016-06-13T12:57:57","guid":{"rendered":"http:\/\/www.7life.ro\/?p=7463"},"modified":"2016-06-13T12:57:57","modified_gmt":"2016-06-13T12:57:57","slug":"de-necrezut-romania-a-pierdut-parcul-national-retezat","status":"publish","type":"post","link":"http:\/\/timesnews.ro\/?p=7463","title":{"rendered":"De necrezut! Rom\u00e2nia a pierdut Parcul Na\u021bional Retezat"},"content":{"rendered":"<p><strong>Exploat\u0103rile forestiere din ultimii ani din mun\u021bii Retezat, Godeanu, \u021aarcu \u0219i V\u00eelcan au condus la dispari\u021bia ultimului Peisaj Forestier Intact (PFI) din zona de clim\u0103 temperat\u0103 a Europei, se arat\u0103 \u00eentr-un comunicat al organiza\u021biei Agent Green.<\/strong><\/p>\n<p>\u201cAm protestat la \u0219antierul DN 66A \u0219i la minister, ne-am judecat in instanta pentru a opri asfaltarea Retezatului, am atras aten\u021bia c\u0103 se exploateaz\u0103 p\u0103durile \u00een R\u00e2u-\u0218es, la C\u00e2mpu\u0219el \u0219i \u00een Domogled. Dar este prea t\u00e2rziu. Corup\u021bia \u0219i l\u0103comia au \u00eenvins. Cel mai vast templu al naturii din Europa a fost pierdut\u201c a declarat Gabriel P\u0103un, pre\u0219edinte Agent Green.<\/p>\n<p><img loading=\"lazy\" decoding=\"async\" class=\"aligncenter size-large wp-image-5964\" src=\"http:\/\/i2.wp.com\/infopuls.ro\/wp-content\/uploads\/2016\/06\/parcul-national-retezat-7-1024x768.jpg?resize=660%2C495\" sizes=\"auto, (max-width: 660px) 100vw, 660px\" srcset=\"http:\/\/i2.wp.com\/infopuls.ro\/wp-content\/uploads\/2016\/06\/parcul-national-retezat-7-1024x768.jpg?resize=660%2C495 1024w, http:\/\/infopuls.ro\/wp-content\/uploads\/2016\/06\/parcul-national-retezat-7-300x225.jpg 300w, http:\/\/infopuls.ro\/wp-content\/uploads\/2016\/06\/parcul-national-retezat-7-768x576.jpg 768w, http:\/\/infopuls.ro\/wp-content\/uploads\/2016\/06\/parcul-national-retezat-7.jpg 1142w\" alt=\"parcul-national-retezat-7\" width=\"660\" height=\"495\" data-lazy-loaded=\"true\" \/><\/p>\n<p><strong>Ce firme au exploatat \u201daurul verde\u201d din Retezat<\/strong><\/p>\n<p>Agent Green a publicat un nou reportaj filmat de investiga\u021bii realizate \u00een perioada 2009-2015 despre exploat\u0103rile forestiere din PFI. \u00cen material sunt prezentate zonele din Retezat afectate de exploat\u0103ri forestiere. Firma Holzindustrie Schweighofer a cump\u0103rat lemn exploatat de firme ter\u021be \u00een zona R\u00e2u-\u0218es \u0219i C\u00e2mpu\u0219el. La C\u00e2mpu\u0219el, firma austriac\u0103 chiar de\u021bine teritorii din PFI care i-au fost v\u00e2ndute ilegal de composesoratul C\u00e2mpu lui Neag. P\u0103durea \u2013 un amestec natural de fag \u0219i conifere este certificat\u0103 FSC \u0219i a fost exploatat\u0103 sistematic \u00eencep\u00e2nd cu anul 2006 imediat dup\u0103 achizi\u021bie informeaza agrointel.ro.<\/p>\n<p><img loading=\"lazy\" decoding=\"async\" class=\"aligncenter size-large wp-image-5967\" src=\"http:\/\/i2.wp.com\/infopuls.ro\/wp-content\/uploads\/2016\/06\/paduri-1024x681-1024x681.jpg?resize=660%2C439\" sizes=\"auto, (max-width: 660px) 100vw, 660px\" srcset=\"http:\/\/infopuls.ro\/wp-content\/uploads\/2016\/06\/paduri-1024x681.jpg 1024w, http:\/\/infopuls.ro\/wp-content\/uploads\/2016\/06\/paduri-1024x681-300x200.jpg 300w, http:\/\/infopuls.ro\/wp-content\/uploads\/2016\/06\/paduri-1024x681-768x511.jpg 768w\" alt=\"paduri-1024x681\" width=\"660\" height=\"439\" data-lazy-loaded=\"true\" \/><\/p>\n<p>O alta zona din PFI unde s-au pierdut teritorii semnificative este cea a mun\u021bilor Godeanu (Parcul National Domogled) unde firma gorjean\u0103 Succes a exploatat sistematic masa lemnoas\u0103 \u00een ultimii ani. Cel putin 78.601 m3 de lemn au p\u0103r\u0103sit parcul \u00een 2013-2014. O parte a fost extras\u0103 \u0219i prelucrata direct de Succes iar al\u021bi 53.525 m3 au fost extra\u0219i de companiile Trans Fag, Fag Interna\u021bional, Alindo Impex, Mirona Forest si Trans Exfor care v\u00e2nd mas\u0103 lemnoas\u0103 tot companiei Succes care prelucreaz\u0103 lemnul la Gureni, jude\u021bul Gorj. De aici cheresteaua trece pe la o fabric\u0103 din jude\u021bul Arge\u0219 pentru uscare \u0219i pleac\u0103 mai departe c\u0103tre China.<\/p>\n<p><img loading=\"lazy\" decoding=\"async\" class=\"aligncenter size-large wp-image-5966\" src=\"http:\/\/i1.wp.com\/infopuls.ro\/wp-content\/uploads\/2016\/06\/parcul-national-retezat-2_97f6b5a4dd4c2b.jpg?resize=660%2C495\" sizes=\"auto, (max-width: 660px) 100vw, 660px\" srcset=\"http:\/\/i1.wp.com\/infopuls.ro\/wp-content\/uploads\/2016\/06\/parcul-national-retezat-2_97f6b5a4dd4c2b.jpg?resize=660%2C495 800w, http:\/\/infopuls.ro\/wp-content\/uploads\/2016\/06\/parcul-national-retezat-2_97f6b5a4dd4c2b-300x225.jpg 300w, http:\/\/infopuls.ro\/wp-content\/uploads\/2016\/06\/parcul-national-retezat-2_97f6b5a4dd4c2b-768x576.jpg 768w\" alt=\"parcul-national-retezat-2_97f6b5a4dd4c2b\" width=\"660\" height=\"495\" data-lazy-loaded=\"true\" \/><\/p>\n<p>Maai mult <a href=\"http:\/\/www.expunere.com\/romania-a-pierdut-parcul-national-retezat-firma-holzindustrie-schweighofer-a-cumparat-lemn-exploatat-de-firme-terte.html\">aici.<\/a><\/p>\n","protected":false},"excerpt":{"rendered":"<div class=\"mh-excerpt\"><p>Exploat\u0103rile forestiere din ultimii ani din mun\u021bii Retezat, Godeanu, \u021aarcu \u0219i V\u00eelcan au condus la dispari\u021bia ultimului Peisaj Forestier Intact (PFI) din zona de clim\u0103 temperat\u0103 a Europei, se arat\u0103 \u00eentr-un comunicat al organiza\u021biei Agent Green. \u201cAm protestat la \u0219antierul DN 66A \u0219i la minister, <a class=\"mh-excerpt-more\" href=\"http:\/\/timesnews.ro\/?p=7463\" title=\"De necrezut! Rom\u00e2nia a pierdut Parcul Na\u021bional Retezat\">[&#8230;]<\/a><\/p>\n<\/div>","protected":false},"author":1,"featured_media":7464,"comment_status":"open","ping_status":"open","sticky":false,"template":"","format":"standard","meta":{"footnotes":""},"categories":[349],"tags":[348,350,351,352,353],"class_list":["post-7463","post","type-post","status-publish","format-standard","has-post-thumbnail","hentry","category-calatorii","tag-a-pierdut","tag-padure","tag-parc-national","tag-retezat","tag-romania"],"_links":{"self":[{"href":"http:\/\/timesnews.ro\/index.php?rest_route=\/wp\/v2\/posts\/7463","targetHints":{"allow":["GET"]}}],"collection":[{"href":"http:\/\/timesnews.ro\/index.php?rest_route=\/wp\/v2\/posts"}],"about":[{"href":"http:\/\/timesnews.ro\/index.php?rest_route=\/wp\/v2\/types\/post"}],"author":[{"embeddable":true,"href":"http:\/\/timesnews.ro\/index.php?rest_route=\/wp\/v2\/users\/1"}],"replies":[{"embeddable":true,"href":"http:\/\/timesnews.ro\/index.php?rest_route=%2Fwp%2Fv2%2Fcomments&post=7463"}],"version-history":[{"count":0,"href":"http:\/\/timesnews.ro\/index.php?rest_route=\/wp\/v2\/posts\/7463\/revisions"}],"wp:featuredmedia":[{"embeddable":true,"href":"http:\/\/timesnews.ro\/index.php?rest_route=\/"}],"wp:attachment":[{"href":"http:\/\/timesnews.ro\/index.php?rest_route=%2Fwp%2Fv2%2Fmedia&parent=7463"}],"wp:term":[{"taxonomy":"category","embeddable":true,"href":"http:\/\/timesnews.ro\/index.php?rest_route=%2Fwp%2Fv2%2Fcategories&post=7463"},{"taxonomy":"post_tag","embeddable":true,"href":"http:\/\/timesnews.ro\/index.php?rest_route=%2Fwp%2Fv2%2Ftags&post=7463"}],"curies":[{"name":"wp","href":"https:\/\/api.w.org\/{rel}","templated":true}]}}