{"id":10564,"date":"2023-11-05T08:35:31","date_gmt":"2023-11-05T08:35:31","guid":{"rendered":"http:\/\/timesnews.ro\/?p=10564"},"modified":"2023-11-05T08:36:13","modified_gmt":"2023-11-05T08:36:13","slug":"turneu-national-extraordinar-de-colinde-si-cantece-de-craciun-paul-surugiu-fuego-am-suflet-de-craciun","status":"publish","type":"post","link":"http:\/\/timesnews.ro\/?p=10564","title":{"rendered":"Turneu Na\u021bional extraordinar de colinde \u0219i c\u00e2ntece de Cr\u0103ciun Paul Surugiu-FUEGO \u2013 \u201eAm suflet de Cr\u0103ciun!\u201d"},"content":{"rendered":"\n<p>Vine iarna si desigur \u00een luna decembrie, Paul Surugiu Fuego pleac\u0103 la colindat prin \u021bar\u0103, cu celebrele sale colinde. Astfel, va ajunge si \u00een orasul tau, al\u0103turi de band-ul s\u0103u, cu surprize, nout\u0103\u021bi, cu emo\u021bii, veselie \u0219i bun\u0103 dispozi\u021bie \u0219i cu cele mai apreciate c\u00e2ntece care l-au f\u0103cut celebru \u00een perioada s\u0103rb\u0103torilor.<\/p>\n\n\n\n<p>\u00cen stilul s\u0103u caracteristic, Paul Surugiu propune publicului o serie \u00eentreag\u0103 de tr\u0103iri, surprize, momente pline de umor, dar \u0219i de amintire. Dou\u0103 ore de concert live, cu premiere, dar \u0219i cu melodii cunoscute de public, toate \u00een atmosfera s\u0103rb\u0103torilor de iarn\u0103, prevestind venirea Cr\u0103ciunului. Publicul se va emo\u021biona la teme despre p\u0103rin\u021bi, despre re\u00eentoarcerea acas\u0103, dar \u0219i la colinde tradi\u021bionale, la sonorit\u0103\u021bi aparte \u0219i orchestra\u021bii pe m\u0103sur\u0103. Spectacolul are \u00een prim plan bucuria care ne cuprinde pe toti atunci c\u00e2nd se aproprie Cr\u0103ciunul, fiind con\u0219tien\u021bi c\u0103 ar fi o mare veselie \u00een lume dac\u0103 ar fi Cr\u0103ciun \u00een fiecare zi!<\/p>\n\n\n\n<p>Melodii precum \u201dVals de Cr\u0103ciun\u201d, \u201dColind\u0103 pentru p\u0103rin\u021bi\u201d, \u201dAt\u00e2ta-i colinda\u201d, \u201dLa mul\u021bi ani, e noaptea de Cr\u0103ciun\u201d, \u201dE vremea colindelor\u201d sau celebra \u201d\u00cempodobe\u0219te, mam\u0103, bradul\u201d vor r\u0103suna pe scena din ora\u0219ul t\u0103u, \u00eentr-un concert bazat pe interpretare, pe suflet, pe recit\u0103ri \u0219i versuri \u00eenalte \u0219i o \u00eentreag\u0103 stare de bine. Nu rata\u021bi a\u0219adar, evenimentul iernii, al\u0103turi de Paul Surugiu-Fuego \u0219i band-ul s\u0103u!<\/p>\n\n\n\n<p>\u201d<em>V\u0103 a\u0219tept s\u0103 ne bucur\u0103m \u00eempreun\u0103 de magia s\u0103rb\u0103torii, de numeroasele emo\u021bii pe care le tr\u0103im! Vreau s\u0103 uita\u021bi \u0219i voi \u0219i noi, pentru dou\u0103 ore, de toate problemele lumii actuale \u0219i s\u0103 intr\u0103m \u00een atmosfera magic\u0103 a Cr\u0103ciunului! V\u0103 a\u0219tept cu tot sufletul al\u0103turi de noi, \u00eentr-un Cr\u0103ciun colindat, de Rai luminat! Am suflet de Cr\u0103ciun \u0219i v\u0103 iubesc!\u201d<strong>&nbsp;<\/strong><\/em><strong>(Paul Surugiu-Fuego)&nbsp;<\/strong><\/p>\n\n\n\n<p>LISTA COMPLET\u0102 A SPECTACOLELOR<\/p>\n\n\n\n<p>2 decembrie \u2013 SIBIU, Centrul Cultural \u201dIon Besoiu\u201d, ora 19.00<\/p>\n\n\n\n<figure class=\"wp-block-embed\"><div class=\"wp-block-embed__wrapper\">\nhttps:\/\/www.iabilet.ro\/bilete-sibiu-concert-de-colinde-cu-fuego-am-suflet-de-craciun-ora-19-00-91230\/\n<\/div><\/figure>\n\n\n\n<p>3 decembrie \u2013 C\u00c2MPINA, Casa Tineretului, ora 19.00<\/p>\n\n\n\n<figure class=\"wp-block-embed\"><div class=\"wp-block-embed__wrapper\">\nhttps:\/\/www.iabilet.ro\/bilete-campina-concert-de-colinde-cu-fuego-am-suflet-de-craciun-ora-19-00-91231\/\n<\/div><\/figure>\n\n\n\n<p>4 decembrie \u2013 CODLEA, Casa de Cultur\u0103, ora 16.30<\/p>\n\n\n\n<figure class=\"wp-block-embed\"><div class=\"wp-block-embed__wrapper\">\nhttps:\/\/www.iabilet.ro\/bilete-codlea-concert-de-colinde-cu-fuego-am-suflet-de-craciun-ora-16-30-91232\/\n<\/div><\/figure>\n\n\n\n<p>4 decembrie \u2013 BRA\u0218OV \u2013 Teatrul Dramatic \u201cSic\u0103 Alexandrescu\u201d, ora 19.00<\/p>\n\n\n\n<figure class=\"wp-block-embed is-type-wp-embed is-provider-proticket wp-block-embed-proticket\"><div class=\"wp-block-embed__wrapper\">\n<blockquote class=\"wp-embedded-content\" data-secret=\"W4UVFtGpyM\"><a href=\"https:\/\/proticket.ro\/ticketsys-event\/paul-surugiu-fuego-am-suflet-de-craciun-brasov\/\">PAUL SURUGIU-FUEGO \u2013 AM SUFLET DE CR\u0102CIUN! | BRASOV<\/a><\/blockquote><iframe loading=\"lazy\" class=\"wp-embedded-content\" sandbox=\"allow-scripts\" security=\"restricted\" style=\"position: absolute; visibility: hidden;\" title=\"&#8222;PAUL SURUGIU-FUEGO \u2013 AM SUFLET DE CR\u0102CIUN! | BRASOV&#8221; &#8211; ProTicket.ro\" src=\"https:\/\/proticket.ro\/ticketsys-event\/paul-surugiu-fuego-am-suflet-de-craciun-brasov\/embed\/#?secret=IXF5io4Yyb#?secret=W4UVFtGpyM\" data-secret=\"W4UVFtGpyM\" width=\"500\" height=\"282\" frameborder=\"0\" marginwidth=\"0\" marginheight=\"0\" scrolling=\"no\"><\/iframe>\n<\/div><\/figure>\n\n\n\n<p>5 decembrie \u2013 CONSTAN\u021aA, ora 19.00, Casa de Cultur\u0103 a Sindicatelor<\/p>\n\n\n\n<figure class=\"wp-block-embed is-type-wp-embed is-provider-proticket wp-block-embed-proticket\"><div class=\"wp-block-embed__wrapper\">\n<blockquote class=\"wp-embedded-content\" data-secret=\"XLJ1Pne1VA\"><a href=\"https:\/\/proticket.ro\/ticketsys-event\/paul-surugiu-fuego-am-suflet-de-craciun-constanta\/\">PAUL SURUGIU-FUEGO \u2013 AM SUFLET DE CR\u0102CIUN! | CONSTANTA<\/a><\/blockquote><iframe loading=\"lazy\" class=\"wp-embedded-content\" sandbox=\"allow-scripts\" security=\"restricted\" style=\"position: absolute; visibility: hidden;\" title=\"&#8222;PAUL SURUGIU-FUEGO \u2013 AM SUFLET DE CR\u0102CIUN! | CONSTANTA&#8221; &#8211; ProTicket.ro\" src=\"https:\/\/proticket.ro\/ticketsys-event\/paul-surugiu-fuego-am-suflet-de-craciun-constanta\/embed\/#?secret=E2jL6jd9Pd#?secret=XLJ1Pne1VA\" data-secret=\"XLJ1Pne1VA\" width=\"500\" height=\"282\" frameborder=\"0\" marginwidth=\"0\" marginheight=\"0\" scrolling=\"no\"><\/iframe>\n<\/div><\/figure>\n\n\n\n<p>6 decembrie \u2013 C\u0102L\u0102RA\u0218I, Sala Barbu \u0218tirbey, ora 19.00<\/p>\n\n\n\n<figure class=\"wp-block-embed is-type-wp-embed is-provider-proticket wp-block-embed-proticket\"><div class=\"wp-block-embed__wrapper\">\n<blockquote class=\"wp-embedded-content\" data-secret=\"N9RJWGon1c\"><a href=\"https:\/\/proticket.ro\/ticketsys-event\/paul-surugiu-fuego-am-suflet-de-craciun-calarasi\/\">PAUL SURUGIU-FUEGO \u2013 AM SUFLET DE CR\u0102CIUN! | CALARASI<\/a><\/blockquote><iframe loading=\"lazy\" class=\"wp-embedded-content\" sandbox=\"allow-scripts\" security=\"restricted\" style=\"position: absolute; visibility: hidden;\" title=\"&#8222;PAUL SURUGIU-FUEGO \u2013 AM SUFLET DE CR\u0102CIUN! | CALARASI&#8221; &#8211; ProTicket.ro\" src=\"https:\/\/proticket.ro\/ticketsys-event\/paul-surugiu-fuego-am-suflet-de-craciun-calarasi\/embed\/#?secret=Em7GbXwKfm#?secret=N9RJWGon1c\" data-secret=\"N9RJWGon1c\" width=\"500\" height=\"282\" frameborder=\"0\" marginwidth=\"0\" marginheight=\"0\" scrolling=\"no\"><\/iframe>\n<\/div><\/figure>\n\n\n\n<p>7 decembrie \u2013 TULCEA, Teatrul \u201cJean Bart\u201d, ora 19.00<\/p>\n\n\n\n<figure class=\"wp-block-embed is-type-wp-embed is-provider-proticket wp-block-embed-proticket\"><div class=\"wp-block-embed__wrapper\">\n<blockquote class=\"wp-embedded-content\" data-secret=\"3rEGU7bikZ\"><a href=\"https:\/\/proticket.ro\/ticketsys-event\/paul-surugiu-fuego-am-suflet-de-craciun-tulcea\/\">PAUL SURUGIU-FUEGO \u2013 AM SUFLET DE CR\u0102CIUN! | TULCEA<\/a><\/blockquote><iframe loading=\"lazy\" class=\"wp-embedded-content\" sandbox=\"allow-scripts\" security=\"restricted\" style=\"position: absolute; visibility: hidden;\" title=\"&#8222;PAUL SURUGIU-FUEGO \u2013 AM SUFLET DE CR\u0102CIUN! | TULCEA&#8221; &#8211; ProTicket.ro\" src=\"https:\/\/proticket.ro\/ticketsys-event\/paul-surugiu-fuego-am-suflet-de-craciun-tulcea\/embed\/#?secret=3BcDIsR0bt#?secret=3rEGU7bikZ\" data-secret=\"3rEGU7bikZ\" width=\"500\" height=\"282\" frameborder=\"0\" marginwidth=\"0\" marginheight=\"0\" scrolling=\"no\"><\/iframe>\n<\/div><\/figure>\n\n\n\n<p>8 decembrie \u2013 PITE\u0218TI, Casa de Cultur\u0103 a Sindicatelor, ora 19.00<\/p>\n\n\n\n<figure class=\"wp-block-embed is-type-wp-embed is-provider-proticket wp-block-embed-proticket\"><div class=\"wp-block-embed__wrapper\">\n<blockquote class=\"wp-embedded-content\" data-secret=\"ZbcFIi50jE\"><a href=\"https:\/\/proticket.ro\/ticketsys-event\/paul-surugiu-fuego-am-suflet-de-craciun-pitesti\/\">PAUL SURUGIU-FUEGO \u2013 AM SUFLET DE CR\u0102CIUN! | PITESTI<\/a><\/blockquote><iframe loading=\"lazy\" class=\"wp-embedded-content\" sandbox=\"allow-scripts\" security=\"restricted\" style=\"position: absolute; visibility: hidden;\" title=\"&#8222;PAUL SURUGIU-FUEGO \u2013 AM SUFLET DE CR\u0102CIUN! | PITESTI&#8221; &#8211; ProTicket.ro\" src=\"https:\/\/proticket.ro\/ticketsys-event\/paul-surugiu-fuego-am-suflet-de-craciun-pitesti\/embed\/#?secret=dYLEjh32cF#?secret=ZbcFIi50jE\" data-secret=\"ZbcFIi50jE\" width=\"500\" height=\"282\" frameborder=\"0\" marginwidth=\"0\" marginheight=\"0\" scrolling=\"no\"><\/iframe>\n<\/div><\/figure>\n\n\n\n<p>9 decembrie \u2013 ALEXANDRIA, Centrul Multifunc\u021bional Alexandria, ora 19.00<\/p>\n\n\n\n<figure class=\"wp-block-embed is-type-wp-embed is-provider-proticket wp-block-embed-proticket\"><div class=\"wp-block-embed__wrapper\">\n<blockquote class=\"wp-embedded-content\" data-secret=\"iAqLaMZHc8\"><a href=\"https:\/\/proticket.ro\/ticketsys-event\/paul-surugiu-fuego-am-suflet-de-craciun-alexandria\/\">PAUL SURUGIU-FUEGO \u2013 AM SUFLET DE CRACIUN! | ALEXANDRIA<\/a><\/blockquote><iframe loading=\"lazy\" class=\"wp-embedded-content\" sandbox=\"allow-scripts\" security=\"restricted\" style=\"position: absolute; visibility: hidden;\" title=\"&#8222;PAUL SURUGIU-FUEGO \u2013 AM SUFLET DE CRACIUN! | ALEXANDRIA&#8221; &#8211; ProTicket.ro\" src=\"https:\/\/proticket.ro\/ticketsys-event\/paul-surugiu-fuego-am-suflet-de-craciun-alexandria\/embed\/#?secret=93rfgjdf65#?secret=iAqLaMZHc8\" data-secret=\"iAqLaMZHc8\" width=\"500\" height=\"282\" frameborder=\"0\" marginwidth=\"0\" marginheight=\"0\" scrolling=\"no\"><\/iframe>\n<\/div><\/figure>\n\n\n\n<p>11 decembrie \u2013 CRAIOVA, Teatrul \u201cMarin Sorescu\u201d, ora 20.00<\/p>\n\n\n\n<figure class=\"wp-block-embed is-type-wp-embed is-provider-proticket wp-block-embed-proticket\"><div class=\"wp-block-embed__wrapper\">\n<blockquote class=\"wp-embedded-content\" data-secret=\"iyydOHfMn8\"><a href=\"https:\/\/proticket.ro\/ticketsys-event\/paul-surugiu-fuego-am-suflet-de-craciun-craiova\/\">PAUL SURUGIU-FUEGO \u2013 AM SUFLET DE CR\u0102CIUN! | CRAIOVA<\/a><\/blockquote><iframe loading=\"lazy\" class=\"wp-embedded-content\" sandbox=\"allow-scripts\" security=\"restricted\" style=\"position: absolute; visibility: hidden;\" title=\"&#8222;PAUL SURUGIU-FUEGO \u2013 AM SUFLET DE CR\u0102CIUN! | CRAIOVA&#8221; &#8211; ProTicket.ro\" src=\"https:\/\/proticket.ro\/ticketsys-event\/paul-surugiu-fuego-am-suflet-de-craciun-craiova\/embed\/#?secret=UTjFpY3fyF#?secret=iyydOHfMn8\" data-secret=\"iyydOHfMn8\" width=\"500\" height=\"282\" frameborder=\"0\" marginwidth=\"0\" marginheight=\"0\" scrolling=\"no\"><\/iframe>\n<\/div><\/figure>\n\n\n\n<p>12 decembrie \u2013 R\u00c2MNICU V\u00c2LCEA , Casa Sindicatelor, ora 19.00<\/p>\n\n\n\n<figure class=\"wp-block-embed is-type-wp-embed is-provider-proticket wp-block-embed-proticket\"><div class=\"wp-block-embed__wrapper\">\n<blockquote class=\"wp-embedded-content\" data-secret=\"1NwROhc6K8\"><a href=\"https:\/\/proticket.ro\/ticketsys-event\/paul-surugiu-fuego-am-suflet-de-craciun-ramnicu-valcea\/\">PAUL SURUGIU-FUEGO \u2013 AM SUFLET DE CRACIUN! | RAMNICU VALCEA<\/a><\/blockquote><iframe loading=\"lazy\" class=\"wp-embedded-content\" sandbox=\"allow-scripts\" security=\"restricted\" style=\"position: absolute; visibility: hidden;\" title=\"&#8222;PAUL SURUGIU-FUEGO \u2013 AM SUFLET DE CRACIUN! | RAMNICU VALCEA&#8221; &#8211; ProTicket.ro\" src=\"https:\/\/proticket.ro\/ticketsys-event\/paul-surugiu-fuego-am-suflet-de-craciun-ramnicu-valcea\/embed\/#?secret=lEcJBcsAT7#?secret=1NwROhc6K8\" data-secret=\"1NwROhc6K8\" width=\"500\" height=\"282\" frameborder=\"0\" marginwidth=\"0\" marginheight=\"0\" scrolling=\"no\"><\/iframe>\n<\/div><\/figure>\n\n\n\n<p>17 decembrie \u2013 GALA\u021aI, Teatrul Muzical \u201cNae Leonard\u201d, ora 19.30<\/p>\n\n\n\n<figure class=\"wp-block-embed\"><div class=\"wp-block-embed__wrapper\">\nhttps:\/\/www.blt.ro\/paul-surugiu-fuego-am-suflet-de-craciun.html\n<\/div><\/figure>\n\n\n\n<p>19 decembrie \u2013 PLOIE\u0218TI, Casa Sindicatelor, ora 19.00<\/p>\n\n\n\n<figure class=\"wp-block-embed is-type-wp-embed is-provider-proticket wp-block-embed-proticket\"><div class=\"wp-block-embed__wrapper\">\n<blockquote class=\"wp-embedded-content\" data-secret=\"m0UyY7zYTX\"><a href=\"https:\/\/proticket.ro\/ticketsys-event\/paul-surugiu-fuego-am-suflet-de-craciun-ploiesti\/\">PAUL SURUGIU-FUEGO \u2013 AM SUFLET DE CR\u0102CIUN! | PLOIESTI<\/a><\/blockquote><iframe loading=\"lazy\" class=\"wp-embedded-content\" sandbox=\"allow-scripts\" security=\"restricted\" style=\"position: absolute; visibility: hidden;\" title=\"&#8222;PAUL SURUGIU-FUEGO \u2013 AM SUFLET DE CR\u0102CIUN! | PLOIESTI&#8221; &#8211; ProTicket.ro\" src=\"https:\/\/proticket.ro\/ticketsys-event\/paul-surugiu-fuego-am-suflet-de-craciun-ploiesti\/embed\/#?secret=dXEZy5J614#?secret=m0UyY7zYTX\" data-secret=\"m0UyY7zYTX\" width=\"500\" height=\"282\" frameborder=\"0\" marginwidth=\"0\" marginheight=\"0\" scrolling=\"no\"><\/iframe>\n<\/div><\/figure>\n\n\n\n<p>20 decembrie \u2013 FOC\u0218ANI, Teatru \u201cMaior Gheorghe Pastia\u201d, ora 19.00, bilete la casierie, telefon \u2013 0731021769<\/p>\n\n\n\n<p>21 decembrie \u2013 ADJUD \u2013 Casa de Cultur\u0103 \u201cTudor Vornicu\u201d, ora 19.00, bilete la casierie, detalii la 0237641946<\/p>\n\n\n\n<p>22 decembrie \u2013 BAC\u0102U \u2013 Teatrul de Var\u0103 \u201cRadu Beligan\u201d, ora 18.00<\/p>\n\n\n\n<figure class=\"wp-block-embed\"><div class=\"wp-block-embed__wrapper\">\nhttps:\/\/www.iabilet.ro\/bilete-bacau-fuego-band-am-suflet-de-craciun-90338\n<\/div><\/figure>\n\n\n\n<p>23 decembrie \u2013 ROMAN \u2013 HANUL M\u0102RIOAREI , ora 19.00 \u2013 Detalii \u0219i rezerv\u0103ri la 0722520968<\/p>\n\n\n\n<p>24 decembrie \u2013 IA\u0218I \u2013 SALA UNIREA (fostul Cinema Victoria), ora 19.00<\/p>\n\n\n\n<figure class=\"wp-block-embed is-type-wp-embed is-provider-spectacole-iasi wp-block-embed-spectacole-iasi\"><div class=\"wp-block-embed__wrapper\">\n<blockquote class=\"wp-embedded-content\" data-secret=\"IUdouMkUwD\"><a href=\"https:\/\/www.spectacoleiasi.ro\/arhiva-spectacole\/fuego-am-suflet-de-craciun\/\">FUEGO-Am suflet de Craciun<\/a><\/blockquote><iframe loading=\"lazy\" class=\"wp-embedded-content\" sandbox=\"allow-scripts\" security=\"restricted\" style=\"position: absolute; visibility: hidden;\" title=\"&#8222;FUEGO-Am suflet de Craciun&#8221; &#8211; Spectacole Iasi\" src=\"https:\/\/www.spectacoleiasi.ro\/arhiva-spectacole\/fuego-am-suflet-de-craciun\/embed\/#?secret=2HPlNYZBHI#?secret=IUdouMkUwD\" data-secret=\"IUdouMkUwD\" width=\"500\" height=\"282\" frameborder=\"0\" marginwidth=\"0\" marginheight=\"0\" scrolling=\"no\"><\/iframe>\n<\/div><\/figure>\n\n\n\n<p>26 decembrie \u2013 SUCEAVA, Casa Sindicatelor, ora 19.00<\/p>\n\n\n\n<figure class=\"wp-block-embed is-type-wp-embed is-provider-proticket wp-block-embed-proticket\"><div class=\"wp-block-embed__wrapper\">\n<blockquote class=\"wp-embedded-content\" data-secret=\"QRTQpYbwZs\"><a href=\"https:\/\/proticket.ro\/ticketsys-event\/paul-surugiu-fuego-am-suflet-de-craciun-suceava\/\">PAUL SURUGIU-FUEGO \u2013 AM SUFLET DE CR\u0102CIUN! | SUCEAVA<\/a><\/blockquote><iframe loading=\"lazy\" class=\"wp-embedded-content\" sandbox=\"allow-scripts\" security=\"restricted\" style=\"position: absolute; visibility: hidden;\" title=\"&#8222;PAUL SURUGIU-FUEGO \u2013 AM SUFLET DE CR\u0102CIUN! | SUCEAVA&#8221; &#8211; ProTicket.ro\" src=\"https:\/\/proticket.ro\/ticketsys-event\/paul-surugiu-fuego-am-suflet-de-craciun-suceava\/embed\/#?secret=olu3FqLNNO#?secret=QRTQpYbwZs\" data-secret=\"QRTQpYbwZs\" width=\"500\" height=\"282\" frameborder=\"0\" marginwidth=\"0\" marginheight=\"0\" scrolling=\"no\"><\/iframe>\n<\/div><\/figure>\n\n\n\n<p>27 decembrie \u2013 BOTO\u0218ANI, Casa Sindicatelor, ora 19.00<\/p>\n\n\n\n<figure class=\"wp-block-embed is-type-wp-embed is-provider-proticket wp-block-embed-proticket\"><div class=\"wp-block-embed__wrapper\">\n<blockquote class=\"wp-embedded-content\" data-secret=\"gWwPVRjVYm\"><a href=\"https:\/\/proticket.ro\/ticketsys-event\/paul-surugiu-fuego-am-suflet-de-craciun-botosani\/\">PAUL SURUGIU-FUEGO \u2013 AM SUFLET DE CR\u0102CIUN! | BOTOSANI<\/a><\/blockquote><iframe loading=\"lazy\" class=\"wp-embedded-content\" sandbox=\"allow-scripts\" security=\"restricted\" style=\"position: absolute; visibility: hidden;\" title=\"&#8222;PAUL SURUGIU-FUEGO \u2013 AM SUFLET DE CR\u0102CIUN! | BOTOSANI&#8221; &#8211; ProTicket.ro\" src=\"https:\/\/proticket.ro\/ticketsys-event\/paul-surugiu-fuego-am-suflet-de-craciun-botosani\/embed\/#?secret=pw7OLgLymS#?secret=gWwPVRjVYm\" data-secret=\"gWwPVRjVYm\" width=\"500\" height=\"282\" frameborder=\"0\" marginwidth=\"0\" marginheight=\"0\" scrolling=\"no\"><\/iframe>\n<\/div><\/figure>\n\n\n\n<p>Mul\u021bumim partenerului oficial al turneului meu FARMACIA INIMII, CATENA!<\/p>\n\n\n\n<figure class=\"wp-block-embed\"><div class=\"wp-block-embed__wrapper\">\nhttps:\/\/www.catena.ro\/\n<\/div><\/figure>\n\n\n\n<p>Mul\u021bumim \u0219i celor dou\u0103 branduri 100% rom\u00e2ne\u0219ti \u2013 FERMADOR \u0218I ARDUDANA!<\/p>\n\n\n\n<figure class=\"wp-block-embed\"><div class=\"wp-block-embed__wrapper\">\nhttps:\/\/www.facebook.com\/Ardudana\/\n<\/div><\/figure>\n\n\n\n<figure class=\"wp-block-embed\"><div class=\"wp-block-embed__wrapper\">\nhttps:\/\/www.facebook.com\/fermador\n<\/div><\/figure>\n\n\n\n<figure class=\"wp-block-image\"><img decoding=\"async\" src=\"https:\/\/paulsurugiu-fuego.ro\/wp-content\/uploads\/Am-suflet-de-Craciun-site-711x1024.jpg\" alt=\"\" class=\"wp-image-116702\"\/><\/figure>\n\n\n\n<p>SITE OFICIAL \u2013&nbsp;<a href=\"https:\/\/paulsurugiu-fuego.ro\/\">https:\/\/paulsurugiu-fuego.ro\/<\/a><\/p>\n\n\n\n<p>SITE DE ART\u0102 \u2013&nbsp;<a href=\"https:\/\/artbyfuego.ro\/\">https:\/\/artbyfuego.ro\/<\/a><\/p>\n\n\n\n<p>INSTAGRAM OFICIAL \u2013&nbsp;<a href=\"https:\/\/www.instagram.com\/paulsurugiufuego\/\">https:\/\/www.instagram.com\/paulsurugiufuego\/<\/a><\/p>\n\n\n\n<p>FACEBOOK OFICIAL \u2013&nbsp;<a href=\"https:\/\/www.facebook.com\/paulsurugiufuegoofficial\/\">https:\/\/www.facebook.com\/paulsurugiufuegoofficial\/<\/a><\/p>\n\n\n\n<p>YOUTUBE OFICIAL \u2013&nbsp;<a href=\"https:\/\/www.youtube.com\/channel\/UC2JaOnYrHPeX3l9ixV8i6ig\/featured?view_as=subscriber\">https:\/\/www.youtube.com\/channel\/UC2JaOnYrHPeX3l9ixV8i6ig\/featured?view_as=subscriber<\/a><\/p>\n\n\n\n<p>DRAG DE ROMANIA MEA \u2013&nbsp;<a href=\"https:\/\/www.facebook.com\/dragderomaniamea\/\">https:\/\/www.facebook.com\/dragderomaniamea\/<\/a><\/p>\n\n\n\n<p>ART BY FUEGO \u2013&nbsp;<a href=\"https:\/\/www.facebook.com\/artbyfuego\/\">https:\/\/www.facebook.com\/artbyfuego\/<\/a><\/p>\n\n\n\n<p>FAMILIA FAVORIT \u2013&nbsp;<a href=\"https:\/\/www.facebook.com\/familiafavorit\/\">https:\/\/www.facebook.com\/familiafavorit\/<\/a><\/p>\n","protected":false},"excerpt":{"rendered":"<div class=\"mh-excerpt\"><p>Vine iarna si desigur \u00een luna decembrie, Paul Surugiu Fuego pleac\u0103 la colindat prin \u021bar\u0103, cu celebrele sale colinde. Astfel, va ajunge si \u00een orasul tau, al\u0103turi de band-ul s\u0103u, cu surprize, nout\u0103\u021bi, cu emo\u021bii, veselie \u0219i bun\u0103 dispozi\u021bie \u0219i cu cele mai apreciate c\u00e2ntece <a class=\"mh-excerpt-more\" href=\"http:\/\/timesnews.ro\/?p=10564\" title=\"Turneu Na\u021bional extraordinar de colinde \u0219i c\u00e2ntece de Cr\u0103ciun Paul Surugiu-FUEGO \u2013 \u201eAm suflet de Cr\u0103ciun!\u201d\">[&#8230;]<\/a><\/p>\n<\/div>","protected":false},"author":1,"featured_media":10565,"comment_status":"open","ping_status":"open","sticky":false,"template":"","format":"standard","meta":{"footnotes":""},"categories":[141,119,38],"tags":[4818,56,4555,3193],"class_list":["post-10564","post","type-post","status-publish","format-standard","has-post-thumbnail","hentry","category-eveniment","category-la-zi","category-vedete","tag-afis","tag-fuego","tag-spectacol-aniversar","tag-turneu"],"_links":{"self":[{"href":"http:\/\/timesnews.ro\/index.php?rest_route=\/wp\/v2\/posts\/10564","targetHints":{"allow":["GET"]}}],"collection":[{"href":"http:\/\/timesnews.ro\/index.php?rest_route=\/wp\/v2\/posts"}],"about":[{"href":"http:\/\/timesnews.ro\/index.php?rest_route=\/wp\/v2\/types\/post"}],"author":[{"embeddable":true,"href":"http:\/\/timesnews.ro\/index.php?rest_route=\/wp\/v2\/users\/1"}],"replies":[{"embeddable":true,"href":"http:\/\/timesnews.ro\/index.php?rest_route=%2Fwp%2Fv2%2Fcomments&post=10564"}],"version-history":[{"count":2,"href":"http:\/\/timesnews.ro\/index.php?rest_route=\/wp\/v2\/posts\/10564\/revisions"}],"predecessor-version":[{"id":10567,"href":"http:\/\/timesnews.ro\/index.php?rest_route=\/wp\/v2\/posts\/10564\/revisions\/10567"}],"wp:featuredmedia":[{"embeddable":true,"href":"http:\/\/timesnews.ro\/index.php?rest_route=\/wp\/v2\/media\/10565"}],"wp:attachment":[{"href":"http:\/\/timesnews.ro\/index.php?rest_route=%2Fwp%2Fv2%2Fmedia&parent=10564"}],"wp:term":[{"taxonomy":"category","embeddable":true,"href":"http:\/\/timesnews.ro\/index.php?rest_route=%2Fwp%2Fv2%2Fcategories&post=10564"},{"taxonomy":"post_tag","embeddable":true,"href":"http:\/\/timesnews.ro\/index.php?rest_route=%2Fwp%2Fv2%2Ftags&post=10564"}],"curies":[{"name":"wp","href":"https:\/\/api.w.org\/{rel}","templated":true}]}}