{"id":10527,"date":"2023-07-12T06:49:27","date_gmt":"2023-07-12T06:49:27","guid":{"rendered":"http:\/\/timesnews.ro\/?p=10527"},"modified":"2023-07-12T06:49:27","modified_gmt":"2023-07-12T06:49:27","slug":"gustar-music-festival-pregateste-trei-zile-de-muzica-buna-si-excursii-la-renumitele-vinarii-din-republica-moldova","status":"publish","type":"post","link":"http:\/\/timesnews.ro\/?p=10527","title":{"rendered":"Gustar Music Festival preg\u0103te\u0219te trei zile de muzic\u0103 bun\u0103 \u0219i excursii la renumitele vin\u0103rii din Republica Moldova"},"content":{"rendered":"\n<p>\u00centre 18 \u0219i 20 august are loc Gustar Music Festival, unul din cele mai importante festivaluri de muzic\u0103 din Republica Moldova. Festivalul reune\u0219te zeci de arti\u0219ti de top, at\u00e2t din Rom\u00e2nia, c\u00e2t \u0219i interna\u021bionali, \u00eentr-una dintre cele mai frumoase zone naturale ale \u021b\u0103rii, Rezerva\u021bia Cultural-Natural\u0103 \u201dOrheiul Vechi\u201d.<\/p>\n\n\n\n<p>Anul acesta festivalul va cuprinde dou\u0103 scene \u2013 Main Stage \u0219i Dj Stage. Pe main stage vor urca c\u00e2\u0219tig\u0103torii concursului Eurovision din 2022 \u2013 Kalush Orchestra din Ucraina, cunoscu\u021bi pentru \u00eembinarea hip-hop-ului cu muzica tradi\u021bional\u0103 ucrainean\u0103, \u0219i \u201clegenda din Balcani\u201d &#8211; Goran Bregovi\u0107. De asemenea, \u00een premier\u0103 \u00een Republica Moldova, vin Elena Gheorghe \u0219i trupa Bosquito. Pe main stage vor mai urca \u0219i Trio Mandili, trupa georgian\u0103 cu milioane de fani, Minelli si arti\u0219tii din Republica Moldova Valentin Boghean, Tharmis \u0219i Valentin Uzun. Pe Dj stage headliner-ul este DJ Shantel din Germania, cel mai cunoscut DJ din Balcani, caruia i se vor al\u0103tura cei mai buni DJ din Moldova \u0219i alte \u021b\u0103ri.<\/p>\n\n\n\n<p>Festivalul, organizat la poalele st\u00e2ncilor din Rezerva\u021bia Orheiul Vechi, este unul inedit datorit\u0103 faptului c\u0103 Republica Moldova a fost inclus\u0103 \u00een lista \u021b\u0103rilor europene cu cele mai bune festivaluri de muzic\u0103 \u00een anul 2010, devenind astfel un reper al organiz\u0103rii de evenimente \u00een Moldova, \u00eenc\u0103 de la primele edi\u021bii. Nici numele festivalului nu este ales \u00eentampl\u0103tor, \u00eentruc\u00e2t \u201cgustar\u201d este un cuv\u00e2nt vechi cu provenien\u021be latine, care \u00eenseamn\u0103 \u201caugust\u201d.<\/p>\n\n\n\n<p>Pe parcursul celor 3 zile de festival, pe langa muzica live, organizatorii au preg\u0103tit excursii gratuite la renumitele vin\u0103rii din Moldova. Turi\u0219tii care vin la festival au ocazia s\u0103 descopere gustul nobil al vinurilor CRICOVA si Chateau VARTELY. \u00cen plus, participan\u021bii vor avea ca op\u021biuni de cazare camping-ul panoramic \u0219i se vor putea relaxa \u00een natur\u0103 pentru o minivacan\u021b\u0103 de sf\u00e2r\u0219it de var\u0103. Festivalierii pot vizita, de asemenea, m\u0103n\u0103stirile str\u0103vechi, care au fost sculptate \u00een st\u00e2nc\u0103 \u00een secolele XIII-XIV \u0219i s\u0103 se simt\u0103 complet cuprin\u0219i de atmosfera locului numit &#8220;Ierusalimul moldovenesc&#8221;.<\/p>\n\n\n\n<p>Dac\u0103 inten\u021biona\u021bi s\u0103 vizita\u021bi Republica Moldova \u00een luna august, atunci nu rata\u021bi Festivalul de muzic\u0103 Gustar. Va fi o experien\u021b\u0103 de neuitat, unde pute\u021bi descoperi arti\u0219ti noi, uimitoarea rezerva\u021bie Orheiul vechi \u0219i lua parte la excursii la vin\u0103riile din Moldova! Posesorii biletelor Gustar Music Festival beneficiaz\u0103 de excursii la vin\u0103rii GRATUITE! Biletele \u0219i abonamentele la eveniment pot fi procurate pe&nbsp;<a href=\"http:\/\/iabilet.ro\/\" target=\"_blank\" rel=\"noreferrer noopener\">iabilet.ro<\/a>&nbsp;\u0219i&nbsp;<a href=\"http:\/\/entertix.ro\/\" target=\"_blank\" rel=\"noreferrer noopener\">entertix.ro<\/a>.<\/p>\n","protected":false},"excerpt":{"rendered":"<div class=\"mh-excerpt\"><p>\u00centre 18 \u0219i 20 august are loc Gustar Music Festival, unul din cele mai importante festivaluri de muzic\u0103 din Republica Moldova. Festivalul reune\u0219te zeci de arti\u0219ti de top, at\u00e2t din Rom\u00e2nia, c\u00e2t \u0219i interna\u021bionali, \u00eentr-una dintre cele mai frumoase zone naturale ale \u021b\u0103rii, Rezerva\u021bia Cultural-Natural\u0103 <a class=\"mh-excerpt-more\" href=\"http:\/\/timesnews.ro\/?p=10527\" title=\"Gustar Music Festival preg\u0103te\u0219te trei zile de muzic\u0103 bun\u0103 \u0219i excursii la renumitele vin\u0103rii din Republica Moldova\">[&#8230;]<\/a><\/p>\n<\/div>","protected":false},"author":1,"featured_media":10528,"comment_status":"open","ping_status":"open","sticky":false,"template":"","format":"standard","meta":{"footnotes":""},"categories":[1],"tags":[4145,375],"class_list":["post-10527","post","type-post","status-publish","format-standard","has-post-thumbnail","hentry","category-uncategorized","tag-elena-gheorghe","tag-vedeta"],"_links":{"self":[{"href":"http:\/\/timesnews.ro\/index.php?rest_route=\/wp\/v2\/posts\/10527","targetHints":{"allow":["GET"]}}],"collection":[{"href":"http:\/\/timesnews.ro\/index.php?rest_route=\/wp\/v2\/posts"}],"about":[{"href":"http:\/\/timesnews.ro\/index.php?rest_route=\/wp\/v2\/types\/post"}],"author":[{"embeddable":true,"href":"http:\/\/timesnews.ro\/index.php?rest_route=\/wp\/v2\/users\/1"}],"replies":[{"embeddable":true,"href":"http:\/\/timesnews.ro\/index.php?rest_route=%2Fwp%2Fv2%2Fcomments&post=10527"}],"version-history":[{"count":1,"href":"http:\/\/timesnews.ro\/index.php?rest_route=\/wp\/v2\/posts\/10527\/revisions"}],"predecessor-version":[{"id":10529,"href":"http:\/\/timesnews.ro\/index.php?rest_route=\/wp\/v2\/posts\/10527\/revisions\/10529"}],"wp:featuredmedia":[{"embeddable":true,"href":"http:\/\/timesnews.ro\/index.php?rest_route=\/wp\/v2\/media\/10528"}],"wp:attachment":[{"href":"http:\/\/timesnews.ro\/index.php?rest_route=%2Fwp%2Fv2%2Fmedia&parent=10527"}],"wp:term":[{"taxonomy":"category","embeddable":true,"href":"http:\/\/timesnews.ro\/index.php?rest_route=%2Fwp%2Fv2%2Fcategories&post=10527"},{"taxonomy":"post_tag","embeddable":true,"href":"http:\/\/timesnews.ro\/index.php?rest_route=%2Fwp%2Fv2%2Ftags&post=10527"}],"curies":[{"name":"wp","href":"https:\/\/api.w.org\/{rel}","templated":true}]}}