{"id":10469,"date":"2023-01-25T13:47:12","date_gmt":"2023-01-25T13:47:12","guid":{"rendered":"http:\/\/timesnews.ro\/?p=10469"},"modified":"2023-01-25T13:48:29","modified_gmt":"2023-01-25T13:48:29","slug":"viorica-de-la-clejani-femeia","status":"publish","type":"post","link":"http:\/\/timesnews.ro\/?p=10469","title":{"rendered":"Viorica de la Clejani: Femeia!"},"content":{"rendered":"\n<p><strong>Spectacol extraordinar cu invita\u021bi speciali, vineri,&nbsp;3 martie 2023, ora 19.00 la Sala Palatului:<\/strong><strong>Theo Rose, Damian Dr\u0103ghici,&nbsp;Ionu\u021b Dol\u0103nescu, Carmen Chindri\u0219 \u0219i Taraful Rutenilor, Jador, Oana Radu, Diana Matei \u0219i Cleante<\/strong><\/p>\n\n\n\n<p>Biletele pot fi procurate de la&nbsp;<strong>agen\u021bia de bilete a S\u0103lii Palatului<\/strong>&nbsp;\u0219i online pe&nbsp;<strong><a href=\"http:\/\/vandbilete.ro\/\" target=\"_blank\" rel=\"noreferrer noopener\">vandbilete.ro<\/a>,&nbsp;<a href=\"http:\/\/eventim.ro\/\" target=\"_blank\" rel=\"noreferrer noopener\">eventim.ro<\/a>,&nbsp;<a href=\"http:\/\/salapalatului.ro\/\" target=\"_blank\" rel=\"noreferrer noopener\">salapalatului.ro<\/a><\/strong>&nbsp;\u0219i&nbsp;<strong><a href=\"http:\/\/iabilet.ro\/\" target=\"_blank\" rel=\"noreferrer noopener\">iabilet.ro<\/a><\/strong><\/p>\n\n\n\n<p>Regie:&nbsp;<strong>Cosmin Man<\/strong><\/p>\n\n\n\n<p>Produc\u0103tor:&nbsp;<strong>Stoian Anghel<\/strong><\/p>\n\n\n\n<p><strong>Un brand na\u021bional. O combina\u021bie rarisim\u0103 \u00eentre tradi\u021bie \u0219i modernitate<\/strong><\/p>\n\n\n\n<p>\u201eEste un spectacol grandios, cu invita\u021bi speciali, un concert inedit \u00een care celebr\u0103m femeia \u0219i bucuria de a tr\u0103i. Este un eveniment de anvergur\u0103, unde vor fi multe surprize muzicale \u0219i mult\u0103 emo\u021bie\u201d, m\u0103rturise\u0219te&nbsp;<strong>Ioni\u021b\u0103 de la Clejani<\/strong>, care va asigura acompaniamentul muzical al\u0103turi de&nbsp;<strong>Taraful Clejanilor<\/strong>.<\/p>\n\n\n\n<p><strong>Viorica&nbsp;<\/strong>\u0219i<strong>&nbsp;Ioni\u021b\u0103<\/strong>&nbsp;<strong>de la Clejani<\/strong>&nbsp;sunt un brand na\u021bional, iubit de tineri \u0219i b\u0103tr\u00e2ni, de femei \u0219i b\u0103rba\u021bi, de rom\u00e2nii din \u021bar\u0103 \u0219i cei din afara grani\u021belor, de str\u0103ini din toat\u0103 lumea \u0219i de toate etniile, din America \u0219i p\u00e2n\u0103 \u00een Japonia sau Australia. Personalit\u0103\u021bi precum&nbsp;<strong>Johnny Depp, Francis Ford Coppola, Osvaldo Golijov, Alice Cooper<\/strong>sau&nbsp;<strong>Tim Burton<\/strong>&nbsp;au vibrat la muzica lor \u0219i i-au l\u0103udat pretutindeni.&nbsp;<\/p>\n\n\n\n<p>\u201ePentru mine, ei sunt un model, prin felul \u00een care privesc via\u021ba. \u00cen ciuda tuturor lucrurilor care li s-au \u00eent\u00e2mplat \u00een via\u021b\u0103, ei c\u00e2nt\u0103 o muzic\u0103 ce exprim\u0103 cea mai intens\u0103 bucurie. Au darul de a te face s\u0103 te sim\u021bi plin de via\u021b\u0103. Sunt \u00een inima mea, al\u0103turi de cei mai interesan\u021bi oameni pe care i-am \u00eent\u00e2lnit vreodat\u0103\u201d,&nbsp;declara starul hollywoodian Johnny Depp.<\/p>\n\n\n\n<p>Povestea lor a \u00eenceput cu incursiunea \u00een \u201elada cu zestre\u201d a c\u00e2ntecelor vechi rom\u00e2ne\u0219ti \u0219i dorin\u021ba de a le \u00eempleti cu modernul, cu scopul declarat de a atrage tineri c\u0103tre muzica autentic\u0103 rom\u00e2neasc\u0103. Aceast\u0103 combina\u021bie rarisim\u0103 \u00eentre tradi\u021bie \u0219i modernitate i-a transformat \u00een vedete de prim\u0103 m\u0103rime ale peisajului muzical autohton \u0219i le-a asigurat un loc \u00een istoria muzicii l\u0103ut\u0103re\u0219ti, al\u0103turi de numele ei legendare.&nbsp;<\/p>\n\n\n\n<p>V<strong>ineri,&nbsp;3 martie 2023<\/strong>, la&nbsp;<strong>Sala Palatului<\/strong>, al\u0103turi de cei mai iubi\u021bi arti\u0219ti ai momentului, ve\u021bi c\u00e2nta \u0219i ve\u021bi dansa cu at\u00e2ta foc \u00eenc\u00e2t vor s\u0103ri sc\u00e2ntei din podea. Vor fi at\u00e2tea surprize muzicale \u0219i at\u00e2tea emo\u021bii \u00eenc\u00e2t ve\u021bi r\u00e2de \u0219i ve\u021bi pl\u00e2nge \u00een acela\u0219i timp, cu sentimentul c\u0103 via\u021ba e scurt\u0103, totu\u0219i, \u0219i merit\u0103 tr\u0103it\u0103 din plin.&nbsp;<\/p>\n\n\n\n<p>V<strong>ineri,&nbsp;3 martie 2023<\/strong>, la&nbsp;<strong>Sala Palatului<\/strong>,&nbsp;<strong>Viorica de la Clejani<\/strong>, pe care o \u00eendr\u0103gi\u021bi \u0219i o aprecia\u021bi, v\u0103 va t\u0103ia respira\u021bia c\u00e2nd va \u00eencepe s\u0103 c\u00e2nte, iar virtuozit\u0103\u021bile instrumentale, cum rar \u021bi-e dat s\u0103 vezi, v\u0103 vor \u00eempinge c\u0103tre incandescen\u021b\u0103, c\u0103tre distrac\u021bia eliberat\u0103 de orice constr\u00e2ngeri.<\/p>\n\n\n\n<p>Cu asemenea ingrediente,&nbsp;<strong>spectacolul aniversar ,,Femeia!\u201c<\/strong>&nbsp;poate fi considerat un triumf al muzicii l\u0103ut\u0103re\u0219ti. Dar, \u00eenainte de toate, este o poveste de via\u021b\u0103. O victorie asupra sup\u0103r\u0103rilor lume\u0219ti \u0219i dramelor istoriei.&nbsp;<strong>Este bucuria de a tr\u0103i<\/strong>.&nbsp;<\/p>\n\n\n\n<figure class=\"wp-block-image\"><img decoding=\"async\" src=\"https:\/\/revistavedetelor.ro\/wp-content\/uploads\/2023\/01\/afis-spectacol-ionita-clejani-1-717x1024.jpg\" alt=\"\" class=\"wp-image-18264\"\/><\/figure>\n","protected":false},"excerpt":{"rendered":"<div class=\"mh-excerpt\"><p>Spectacol extraordinar cu invita\u021bi speciali, vineri,&nbsp;3 martie 2023, ora 19.00 la Sala Palatului:Theo Rose, Damian Dr\u0103ghici,&nbsp;Ionu\u021b Dol\u0103nescu, Carmen Chindri\u0219 \u0219i Taraful Rutenilor, Jador, Oana Radu, Diana Matei \u0219i Cleante Biletele pot fi procurate de la&nbsp;agen\u021bia de bilete a S\u0103lii Palatului&nbsp;\u0219i online pe&nbsp;vandbilete.ro,&nbsp;eventim.ro,&nbsp;salapalatului.ro&nbsp;\u0219i&nbsp;iabilet.ro Regie:&nbsp;Cosmin Man Produc\u0103tor:&nbsp;Stoian <a class=\"mh-excerpt-more\" href=\"http:\/\/timesnews.ro\/?p=10469\" title=\"Viorica de la Clejani: Femeia!\">[&#8230;]<\/a><\/p>\n<\/div>","protected":false},"author":1,"featured_media":10472,"comment_status":"open","ping_status":"open","sticky":false,"template":"","format":"standard","meta":{"footnotes":""},"categories":[1],"tags":[4815,219,870,2677,4814],"class_list":["post-10469","post","type-post","status-publish","format-standard","has-post-thumbnail","hentry","category-uncategorized","tag-clejanii","tag-concert","tag-femeia","tag-spectacol","tag-viorica"],"_links":{"self":[{"href":"http:\/\/timesnews.ro\/index.php?rest_route=\/wp\/v2\/posts\/10469","targetHints":{"allow":["GET"]}}],"collection":[{"href":"http:\/\/timesnews.ro\/index.php?rest_route=\/wp\/v2\/posts"}],"about":[{"href":"http:\/\/timesnews.ro\/index.php?rest_route=\/wp\/v2\/types\/post"}],"author":[{"embeddable":true,"href":"http:\/\/timesnews.ro\/index.php?rest_route=\/wp\/v2\/users\/1"}],"replies":[{"embeddable":true,"href":"http:\/\/timesnews.ro\/index.php?rest_route=%2Fwp%2Fv2%2Fcomments&post=10469"}],"version-history":[{"count":1,"href":"http:\/\/timesnews.ro\/index.php?rest_route=\/wp\/v2\/posts\/10469\/revisions"}],"predecessor-version":[{"id":10471,"href":"http:\/\/timesnews.ro\/index.php?rest_route=\/wp\/v2\/posts\/10469\/revisions\/10471"}],"wp:featuredmedia":[{"embeddable":true,"href":"http:\/\/timesnews.ro\/index.php?rest_route=\/wp\/v2\/media\/10472"}],"wp:attachment":[{"href":"http:\/\/timesnews.ro\/index.php?rest_route=%2Fwp%2Fv2%2Fmedia&parent=10469"}],"wp:term":[{"taxonomy":"category","embeddable":true,"href":"http:\/\/timesnews.ro\/index.php?rest_route=%2Fwp%2Fv2%2Fcategories&post=10469"},{"taxonomy":"post_tag","embeddable":true,"href":"http:\/\/timesnews.ro\/index.php?rest_route=%2Fwp%2Fv2%2Ftags&post=10469"}],"curies":[{"name":"wp","href":"https:\/\/api.w.org\/{rel}","templated":true}]}}