{"id":10466,"date":"2023-01-04T15:25:41","date_gmt":"2023-01-04T15:25:41","guid":{"rendered":"http:\/\/timesnews.ro\/?p=10466"},"modified":"2023-01-04T15:25:41","modified_gmt":"2023-01-04T15:25:41","slug":"cand-va-fi-inmormantat-mitica-popescu","status":"publish","type":"post","link":"http:\/\/timesnews.ro\/?p=10466","title":{"rendered":"C\u00e2nd va fi \u00eenmorm\u00e2ntat Mitic\u0103 Popescu"},"content":{"rendered":"\n<h2 class=\"wp-block-heading\">Mitic\u0103 Popescu va fi depus la Teatrul Mic<\/h2>\n\n\n\n<h2 class=\"wp-block-heading\">\u201dNe lu\u0103m r\u0103mas bun de la \u00eendr\u0103gitul Mitic\u0103 Popescu m\u00e2ine, \u00eentre orele 12:30-19:30, \u00een foaierul Teatrului Mic &#8211; Str. Constantin Mille nr 16, iar de la orele 20:30 trupul ne\u00eensufle\u021bit va fi depus la Capela Cimitirului Bellu.Slujba de \u00eenmorm\u00e2ntare va avea loc vineri, 6 ianuarie, ora 15:00, la Cimitirul Bellu.<img loading=\"lazy\" decoding=\"async\" height=\"16\" width=\"16\" alt=\"&#x1f5a4;\" src=\"https:\/\/static.xx.fbcdn.net\/images\/emoji.php\/v9\/t9f\/2\/16\/1f5a4.png\">Dumnezeu s\u0103-l odineasc\u0103 \u00een pace \u015fi lumin\u0103 pe marele nostru actor Mitic\u0103 Popescu!<img loading=\"lazy\" decoding=\"async\" height=\"16\" width=\"16\" src=\"https:\/\/static.xx.fbcdn.net\/images\/emoji.php\/v9\/t9f\/2\/16\/1f5a4.png\" alt=\"&#x1f5a4;\">O ultim\u0103, ad\u00e2nc\u0103 reveren\u021b\u0103, Maestre!\u201d, se arat\u0103 pe pagina de Facebook a Teatrului Mic.Foto: Facebook.&nbsp;<\/h2>\n","protected":false},"excerpt":{"rendered":"<div class=\"mh-excerpt\"><p>Mitic\u0103 Popescu va fi depus la Teatrul Mic \u201dNe lu\u0103m r\u0103mas bun de la \u00eendr\u0103gitul Mitic\u0103 Popescu m\u00e2ine, \u00eentre orele 12:30-19:30, \u00een foaierul Teatrului Mic &#8211; Str. Constantin Mille nr 16, iar de la orele 20:30 trupul ne\u00eensufle\u021bit va fi depus la Capela Cimitirului Bellu.Slujba <a class=\"mh-excerpt-more\" href=\"http:\/\/timesnews.ro\/?p=10466\" title=\"C\u00e2nd va fi \u00eenmorm\u00e2ntat Mitic\u0103 Popescu\">[&#8230;]<\/a><\/p>\n<\/div>","protected":false},"author":1,"featured_media":10467,"comment_status":"open","ping_status":"open","sticky":false,"template":"","format":"standard","meta":{"footnotes":""},"categories":[1],"tags":[4812,4813,183],"class_list":["post-10466","post","type-post","status-publish","format-standard","has-post-thumbnail","hentry","category-uncategorized","tag-mitica-popescu-inmormantare","tag-valentin-teodosiu","tag-vedete"],"_links":{"self":[{"href":"http:\/\/timesnews.ro\/index.php?rest_route=\/wp\/v2\/posts\/10466","targetHints":{"allow":["GET"]}}],"collection":[{"href":"http:\/\/timesnews.ro\/index.php?rest_route=\/wp\/v2\/posts"}],"about":[{"href":"http:\/\/timesnews.ro\/index.php?rest_route=\/wp\/v2\/types\/post"}],"author":[{"embeddable":true,"href":"http:\/\/timesnews.ro\/index.php?rest_route=\/wp\/v2\/users\/1"}],"replies":[{"embeddable":true,"href":"http:\/\/timesnews.ro\/index.php?rest_route=%2Fwp%2Fv2%2Fcomments&post=10466"}],"version-history":[{"count":1,"href":"http:\/\/timesnews.ro\/index.php?rest_route=\/wp\/v2\/posts\/10466\/revisions"}],"predecessor-version":[{"id":10468,"href":"http:\/\/timesnews.ro\/index.php?rest_route=\/wp\/v2\/posts\/10466\/revisions\/10468"}],"wp:featuredmedia":[{"embeddable":true,"href":"http:\/\/timesnews.ro\/index.php?rest_route=\/wp\/v2\/media\/10467"}],"wp:attachment":[{"href":"http:\/\/timesnews.ro\/index.php?rest_route=%2Fwp%2Fv2%2Fmedia&parent=10466"}],"wp:term":[{"taxonomy":"category","embeddable":true,"href":"http:\/\/timesnews.ro\/index.php?rest_route=%2Fwp%2Fv2%2Fcategories&post=10466"},{"taxonomy":"post_tag","embeddable":true,"href":"http:\/\/timesnews.ro\/index.php?rest_route=%2Fwp%2Fv2%2Ftags&post=10466"}],"curies":[{"name":"wp","href":"https:\/\/api.w.org\/{rel}","templated":true}]}}