{"id":10397,"date":"2022-09-24T16:13:33","date_gmt":"2022-09-24T16:13:33","guid":{"rendered":"http:\/\/timesnews.ro\/?p=10397"},"modified":"2022-09-24T16:13:33","modified_gmt":"2022-09-24T16:13:33","slug":"harry-si-meghan-atrag-toata-atentia-mediatica-asupra-lor-cine-i-a-exclus","status":"publish","type":"post","link":"http:\/\/timesnews.ro\/?p=10397","title":{"rendered":"Harry \u0219i Meghan \u201eatrag toat\u0103 aten\u021bia mediatic\u0103 asupra lor\u201d! Cine i-a exclus"},"content":{"rendered":"\n<p><strong>Meghan \u0219i Harry nu au \u201ecarisma, d\u0103ruirea \u0219i farmecul\u201d necesare pentru a fi celebrit\u0103\u021bi de prim\u0103 categorie, a afirmat un comentator de renume.<\/strong><\/p>\n\n\n\n<p>Meghan Markle \u0219i Prin\u021bul Harry au fost \u201eexclu\u0219i\u201d de la Hollywood, a afirmat un comentator. Dup\u0103 plecarea lor din familia regal\u0103 \u00een 2020, ducele \u0219i ducesa de Sussex au semnat o serie de contracte de mai multe milioane de lire sterline cu gigan\u021bii de streaming Spotify \u0219i Netflix.<\/p>\n\n\n\n<p>Acest lucru, \u00een ideea c\u0103 ar vrea s\u0103-\u0219i fac\u0103 un renume \u00een industria de divertisment, scrie evz.ro. <\/p>\n\n\n\n<p>Totu\u0219i comentatoarea Kara Kennedy sus\u021bine c\u0103 America \u00eencepe s\u0103 \u00eentoarc\u0103 spatele cuplului, care este dat deoparte de la Hollywood.<\/p>\n\n\n\n<p>Scriind \u00een The Spectator, jurnalista respectiv\u0103 a declarat c\u0103 o surs\u0103 din Los Angeles i-a spus c\u0103 \u201eprincipalul motiv pentru care au fost exclu\u0219i este c\u0103 organizatorii \u0219tiu c\u0103\u00a0<strong>toat\u0103 aten\u021bia mediatic\u0103 ar fi asupra lor \u0219i le-ar lua din aten\u021bia evenimentului<\/strong>\u00a0sau a oamenilor afla\u021bi acolo pentru a s\u0103rb\u0103tori\u201d.<\/p>\n\n\n\n<p>De c\u00e2nd s-au retras din func\u021biile regale de rang \u00eenalt, so\u021bii Sussex au fost critica\u021bi pentru c\u0103 au \u00eemp\u0103rt\u0103\u0219it detalii private ale rela\u021biilor din familia regal\u0103.<\/p>\n\n\n\n<p>\u00centr-un interviu exploziv acordat lui Oprah Winfrey \u00een 2021, Meghan a acuzat un membru neidentificat al Casei c\u0103 a \u00eentrebat ce culoare va avea pielea fiului ei Archie \u00eenainte de a se na\u0219te. Acest detaliu a declarat o cre\u0219tere a tensiunilor \u00eentre duces\u0103 \u0219i socrii ei.<\/p>\n\n\n\n<p>Mai mult, Prin\u021bul Harry urmeaz\u0103 s\u0103 lanseze p\u00e2n\u0103 la sf\u00e2r\u0219itul anului un volum de memorii despre care a spus c\u0103 va con\u021bine o \u201erelatare de prim\u0103 m\u00e2n\u0103 a vie\u021bii mele, exact\u0103 \u0219i complet sincer\u0103\u201d.<\/p>\n","protected":false},"excerpt":{"rendered":"<div class=\"mh-excerpt\"><p>Meghan \u0219i Harry nu au \u201ecarisma, d\u0103ruirea \u0219i farmecul\u201d necesare pentru a fi celebrit\u0103\u021bi de prim\u0103 categorie, a afirmat un comentator de renume. Meghan Markle \u0219i Prin\u021bul Harry au fost \u201eexclu\u0219i\u201d de la Hollywood, a afirmat un comentator. Dup\u0103 plecarea lor din familia regal\u0103 \u00een <a class=\"mh-excerpt-more\" href=\"http:\/\/timesnews.ro\/?p=10397\" title=\"Harry \u0219i Meghan \u201eatrag toat\u0103 aten\u021bia mediatic\u0103 asupra lor\u201d! Cine i-a exclus\">[&#8230;]<\/a><\/p>\n<\/div>","protected":false},"author":1,"featured_media":10398,"comment_status":"open","ping_status":"open","sticky":false,"template":"","format":"standard","meta":{"footnotes":""},"categories":[119,38],"tags":[604,1876,439],"class_list":["post-10397","post","type-post","status-publish","format-standard","has-post-thumbnail","hentry","category-la-zi","category-vedete","tag-a-murit","tag-antena-1","tag-printesa"],"_links":{"self":[{"href":"http:\/\/timesnews.ro\/index.php?rest_route=\/wp\/v2\/posts\/10397","targetHints":{"allow":["GET"]}}],"collection":[{"href":"http:\/\/timesnews.ro\/index.php?rest_route=\/wp\/v2\/posts"}],"about":[{"href":"http:\/\/timesnews.ro\/index.php?rest_route=\/wp\/v2\/types\/post"}],"author":[{"embeddable":true,"href":"http:\/\/timesnews.ro\/index.php?rest_route=\/wp\/v2\/users\/1"}],"replies":[{"embeddable":true,"href":"http:\/\/timesnews.ro\/index.php?rest_route=%2Fwp%2Fv2%2Fcomments&post=10397"}],"version-history":[{"count":1,"href":"http:\/\/timesnews.ro\/index.php?rest_route=\/wp\/v2\/posts\/10397\/revisions"}],"predecessor-version":[{"id":10399,"href":"http:\/\/timesnews.ro\/index.php?rest_route=\/wp\/v2\/posts\/10397\/revisions\/10399"}],"wp:featuredmedia":[{"embeddable":true,"href":"http:\/\/timesnews.ro\/index.php?rest_route=\/wp\/v2\/media\/10398"}],"wp:attachment":[{"href":"http:\/\/timesnews.ro\/index.php?rest_route=%2Fwp%2Fv2%2Fmedia&parent=10397"}],"wp:term":[{"taxonomy":"category","embeddable":true,"href":"http:\/\/timesnews.ro\/index.php?rest_route=%2Fwp%2Fv2%2Fcategories&post=10397"},{"taxonomy":"post_tag","embeddable":true,"href":"http:\/\/timesnews.ro\/index.php?rest_route=%2Fwp%2Fv2%2Ftags&post=10397"}],"curies":[{"name":"wp","href":"https:\/\/api.w.org\/{rel}","templated":true}]}}