{"id":10373,"date":"2022-09-20T20:31:34","date_gmt":"2022-09-20T20:31:34","guid":{"rendered":"http:\/\/timesnews.ro\/?p=10373"},"modified":"2022-09-20T20:31:34","modified_gmt":"2022-09-20T20:31:34","slug":"li-s-a-facut-rau-la-o-nunta-din-brasov-13-persoane-au-avut-nevoie-de-ingrijiri-medicale","status":"publish","type":"post","link":"http:\/\/timesnews.ro\/?p=10373","title":{"rendered":"Li s-a f\u0103cut r\u0103u la o nunt\u0103 din Bra\u0219ov! 13 persoane au avut nevoie de \u00eengrijiri medicale"},"content":{"rendered":"\n<p>Poli\u0163ia a deschis dosar penal dup\u0103 ce 13 persoane care petrecut la o nunt\u0103 \u00een localitatea S\u00e2mb\u0103ta de Sus din jude\u0163ul Bra\u015fov au avut nevoie de \u00eengrijiri medicale. Nunta\u0219ii au acuzat simptome specifice toxiinfec\u0163iei alimentare, informeaz\u0103\u00a0<a rel=\"noreferrer noopener\" href=\"https:\/\/ziare.com\/toxiinfectie-alimentara\/nunta-brasov-toxiinfectie-alimentara-1761861\" target=\"_blank\">ziare.com.<\/a><\/p>\n\n\n\n<p><em>\u201eLa data de 17 septembrie 2022, \u00een jurul orei 20.50, poli\u021bi\u0219ti din cadrul Sec\u021biei de Poli\u021bie Rural\u0103 Voila au fost sesiza\u021bi prin apelul unic de urgen\u021b\u0103 112 cu privire la faptul c\u0103 la nivelul unei societ\u0103\u021bi comerciale din localitatea S\u00e2mb\u0103ta de Sus, din jude\u021bul Bra\u0219ov, unde se desf\u0103\u0219ura un eveniment privat, mai multe persoane ar acuza st\u0103ri de r\u0103u.<\/em><\/p>\n\n\n\n<p><em>La fa\u021ba locului s-au deplasat poli\u021bi\u0219ti din cadrul Sec\u021biei de Poli\u021bie Rural\u0103 Voila, cadre medicale \u0219i reprezentan\u021bi ai DSP Bra\u0219ov \u0219i DSV Bra\u0219ov.<\/em><\/p>\n\n\n\n<p><em>13 persoane au fost consultate la fa\u021ba locului, dintre acestea dou\u0103 au fost transportate la spital, \u00een vederea<\/em><br><em>efectu\u0103rii de investiga\u021bii medicale de specialitate.<\/em><\/p>\n\n\n\n<p><em>\u00cen cauz\u0103, s-a \u00eentocmit dosar penal \u00een care sunt efectuate cercet\u0103ri sub aspectul s\u0103v\u00e2r\u0219irii infrac\u021biunii de \u00abcomercializarea de produse alterate\u00bb, instrumentat sub coordonarea Parchetului de pe l\u00e2ng\u0103 Judec\u0103toria F\u0103g\u0103ra\u0219, \u00een care se va propune solu\u021bie legal\u0103 la finalizarea cercet\u0103rilor\u201d<\/em>, a informat purt\u0103torul de cuv\u00e2nt al Inspectoratului de Poli\u021bie Jude\u021bean Bra\u0219ov, agent principal de poli\u021bie Nadia Olaru, potrivit&nbsp;<a href=\"https:\/\/www.mytex.ro\/stiri\/278-112\/643876-judetul-brasov-li-s-a-facut-rau-la-nunta.html\" target=\"_blank\" rel=\"noreferrer noopener\">mytex.ro.<\/a><\/p>\n\n\n\n<p><\/p>\n","protected":false},"excerpt":{"rendered":"<div class=\"mh-excerpt\"><p>Poli\u0163ia a deschis dosar penal dup\u0103 ce 13 persoane care petrecut la o nunt\u0103 \u00een localitatea S\u00e2mb\u0103ta de Sus din jude\u0163ul Bra\u015fov au avut nevoie de \u00eengrijiri medicale. Nunta\u0219ii au acuzat simptome specifice toxiinfec\u0163iei alimentare, informeaz\u0103\u00a0ziare.com. \u201eLa data de 17 septembrie 2022, \u00een jurul orei <a class=\"mh-excerpt-more\" href=\"http:\/\/timesnews.ro\/?p=10373\" title=\"Li s-a f\u0103cut r\u0103u la o nunt\u0103 din Bra\u0219ov! 13 persoane au avut nevoie de \u00eengrijiri medicale\">[&#8230;]<\/a><\/p>\n<\/div>","protected":false},"author":1,"featured_media":10374,"comment_status":"open","ping_status":"open","sticky":false,"template":"","format":"standard","meta":{"footnotes":""},"categories":[119,50],"tags":[4796,406,438,517],"class_list":["post-10373","post","type-post","status-publish","format-standard","has-post-thumbnail","hentry","category-la-zi","category-stil-de-viata","tag-fagaras-2","tag-medic","tag-nunta","tag-politie"],"_links":{"self":[{"href":"http:\/\/timesnews.ro\/index.php?rest_route=\/wp\/v2\/posts\/10373","targetHints":{"allow":["GET"]}}],"collection":[{"href":"http:\/\/timesnews.ro\/index.php?rest_route=\/wp\/v2\/posts"}],"about":[{"href":"http:\/\/timesnews.ro\/index.php?rest_route=\/wp\/v2\/types\/post"}],"author":[{"embeddable":true,"href":"http:\/\/timesnews.ro\/index.php?rest_route=\/wp\/v2\/users\/1"}],"replies":[{"embeddable":true,"href":"http:\/\/timesnews.ro\/index.php?rest_route=%2Fwp%2Fv2%2Fcomments&post=10373"}],"version-history":[{"count":1,"href":"http:\/\/timesnews.ro\/index.php?rest_route=\/wp\/v2\/posts\/10373\/revisions"}],"predecessor-version":[{"id":10375,"href":"http:\/\/timesnews.ro\/index.php?rest_route=\/wp\/v2\/posts\/10373\/revisions\/10375"}],"wp:featuredmedia":[{"embeddable":true,"href":"http:\/\/timesnews.ro\/index.php?rest_route=\/wp\/v2\/media\/10374"}],"wp:attachment":[{"href":"http:\/\/timesnews.ro\/index.php?rest_route=%2Fwp%2Fv2%2Fmedia&parent=10373"}],"wp:term":[{"taxonomy":"category","embeddable":true,"href":"http:\/\/timesnews.ro\/index.php?rest_route=%2Fwp%2Fv2%2Fcategories&post=10373"},{"taxonomy":"post_tag","embeddable":true,"href":"http:\/\/timesnews.ro\/index.php?rest_route=%2Fwp%2Fv2%2Ftags&post=10373"}],"curies":[{"name":"wp","href":"https:\/\/api.w.org\/{rel}","templated":true}]}}