{"id":10352,"date":"2022-09-18T21:00:48","date_gmt":"2022-09-18T21:00:48","guid":{"rendered":"http:\/\/timesnews.ro\/?p=10352"},"modified":"2022-09-18T21:00:48","modified_gmt":"2022-09-18T21:00:48","slug":"ce-a-vrut-sa-faca-gigi-becali-cu-locuinta-lui-arsenie-boca","status":"publish","type":"post","link":"http:\/\/timesnews.ro\/?p=10352","title":{"rendered":"Ce a vrut s\u0103 fac\u0103 Gigi Becali cu locuin\u021ba lui Arsenie Boca!"},"content":{"rendered":"\n<p><strong>Gigi Becali a vrut s\u0103 cumpere casa p\u0103rintelui Arsenie Boca. Omul de afaceri a fost dat de gol de apropia\u021bi. Iat\u0103 c\u00e2\u021bi bani era dispus s\u0103 pun\u0103 la b\u0103taie finan\u021batorul celor de la FCSB pentru a achizi\u021biona casa natal\u0103 a p\u0103rintelui\u00a0Arsenie Boca<\/strong>!<\/p>\n\n\n\n<h2 class=\"wp-block-heading\">Gigi Becali a fost interesat de casa p\u0103rinteasc\u0103 a lui Arsenie Boca<\/h2>\n\n\n\n<p>Casa p\u0103rinteasc\u0103 a lui Arsenie Boca este considerat\u0103 un loc sf\u00e2nt. Totu\u0219i, aceasta a fost scoas\u0103 la v\u00e2nzare. Anun\u0163ul apare pe una dintre marile platforme de v\u00e2nzare-cump\u0103rare din Rom\u00e2nia \u0219i nu a fost trecut cu vederea de c\u0103tre patronul celor de la FCSB.<\/p>\n\n\n\n<p>Gigi Becali \u0219i-a dorit s\u0103 pun\u0103 m\u00e2na pe casa p\u0103rinteasc\u0103 a lui Arsenie Boca. Problema este c\u0103 preten\u021biile financiare ale proprietarului erau uria\u0219e. Afaceristul spera s\u0103 dea lovitura cu casa \u00een care a locuit ani de zile p\u0103rintele Arsenie Boca, care str\u00e2nge at\u00e2t de mult\u0103 lume la morm\u00e2ntul s\u0103u de la Prislop.<\/p>\n\n\n\n<h2 class=\"wp-block-heading\">De ce nu s-a mai f\u0103cut tranzac\u021bia<\/h2>\n\n\n\n<p>Latifundiarul din Pipera se pricepe la afaceri \u0219i a refuzat tranzac\u021bia. Oficialul este de p\u0103rere c\u0103 locuin\u021ba nu merit\u0103 banii pe care i-a cerut propietarul, a\u0219a c\u0103 nu s-a gr\u0103bit s\u0103 arunce cu bani \u0219i s\u0103 bat\u0103 palma cu acesta. Suma dep\u0103\u0219e\u0219te cu mult suma de 3 milioane de euro, iar Becali crede investi\u021bia este mult prea mare \u0219i nu se merit\u0103.<\/p>\n\n\n\n<blockquote class=\"wp-block-quote is-layout-flow wp-block-quote-is-layout-flow\"><p>Aceasta ar fi fost cea mai bun\u0103 variant\u0103 pentru toat\u0103 lumea, cea prin care casa natal\u0103 a lui Arsenie Boca s\u0103 fie cump\u0103rat\u0103 de un rom\u00e2n cu credin\u021b\u0103 \u00een Dumnezeu \u0219i cu poten\u021b\u0103 financiar\u0103.<\/p><p>Nu se poate ca cineva s\u0103 nu fi auzit de p\u0103rintele Arsenie Boca. Ca urmare, nu e nevoie s\u0103-i dai casei monahului un aspect economic.<\/p><cite>Becali mai putea s\u0103 \u00eenchirieze marca \u201eArsenie Boca\u201d pentru o perioad\u0103 de 5 ani. Miliardarul a refuzat ofera, mai ales s\u0103 ea venea din partea unui oarecare Andor \u0218andor.<\/cite><\/blockquote>\n","protected":false},"excerpt":{"rendered":"<div class=\"mh-excerpt\"><p>Gigi Becali a vrut s\u0103 cumpere casa p\u0103rintelui Arsenie Boca. Omul de afaceri a fost dat de gol de apropia\u021bi. Iat\u0103 c\u00e2\u021bi bani era dispus s\u0103 pun\u0103 la b\u0103taie finan\u021batorul celor de la FCSB pentru a achizi\u021biona casa natal\u0103 a p\u0103rintelui\u00a0Arsenie Boca! Gigi Becali a <a class=\"mh-excerpt-more\" href=\"http:\/\/timesnews.ro\/?p=10352\" title=\"Ce a vrut s\u0103 fac\u0103 Gigi Becali cu locuin\u021ba lui Arsenie Boca!\">[&#8230;]<\/a><\/p>\n<\/div>","protected":false},"author":1,"featured_media":10354,"comment_status":"open","ping_status":"open","sticky":false,"template":"","format":"standard","meta":{"footnotes":""},"categories":[349,91,119,38],"tags":[619,1907,4786,4787],"class_list":["post-10352","post","type-post","status-publish","format-standard","has-post-thumbnail","hentry","category-calatorii","category-curiozitati","category-la-zi","category-vedete","tag-arsenie-boca","tag-casa","tag-gigi-becali","tag-parintele-arsenie-boca"],"_links":{"self":[{"href":"http:\/\/timesnews.ro\/index.php?rest_route=\/wp\/v2\/posts\/10352","targetHints":{"allow":["GET"]}}],"collection":[{"href":"http:\/\/timesnews.ro\/index.php?rest_route=\/wp\/v2\/posts"}],"about":[{"href":"http:\/\/timesnews.ro\/index.php?rest_route=\/wp\/v2\/types\/post"}],"author":[{"embeddable":true,"href":"http:\/\/timesnews.ro\/index.php?rest_route=\/wp\/v2\/users\/1"}],"replies":[{"embeddable":true,"href":"http:\/\/timesnews.ro\/index.php?rest_route=%2Fwp%2Fv2%2Fcomments&post=10352"}],"version-history":[{"count":1,"href":"http:\/\/timesnews.ro\/index.php?rest_route=\/wp\/v2\/posts\/10352\/revisions"}],"predecessor-version":[{"id":10355,"href":"http:\/\/timesnews.ro\/index.php?rest_route=\/wp\/v2\/posts\/10352\/revisions\/10355"}],"wp:featuredmedia":[{"embeddable":true,"href":"http:\/\/timesnews.ro\/index.php?rest_route=\/wp\/v2\/media\/10354"}],"wp:attachment":[{"href":"http:\/\/timesnews.ro\/index.php?rest_route=%2Fwp%2Fv2%2Fmedia&parent=10352"}],"wp:term":[{"taxonomy":"category","embeddable":true,"href":"http:\/\/timesnews.ro\/index.php?rest_route=%2Fwp%2Fv2%2Fcategories&post=10352"},{"taxonomy":"post_tag","embeddable":true,"href":"http:\/\/timesnews.ro\/index.php?rest_route=%2Fwp%2Fv2%2Ftags&post=10352"}],"curies":[{"name":"wp","href":"https:\/\/api.w.org\/{rel}","templated":true}]}}