{"id":10321,"date":"2022-09-15T10:37:55","date_gmt":"2022-09-15T10:37:55","guid":{"rendered":"http:\/\/timesnews.ro\/?p=10321"},"modified":"2022-09-15T10:37:55","modified_gmt":"2022-09-15T10:37:55","slug":"legatura-regelui-charles-cu-un-calugar-roman-orb-de-pe-muntele-athos-datorita-acestuia-el-a-trecut-la-ortodoxism","status":"publish","type":"post","link":"http:\/\/timesnews.ro\/?p=10321","title":{"rendered":"Leg\u0103tura Regelui Charles, cu un c\u0103lug\u0103r rom\u00e2n orb de pe Muntele Athos. Datorit\u0103 acestuia, el a trecut la ortodoxism"},"content":{"rendered":"\n<p><strong>Potrivit presei britanice,\u00a0regele Charles\u00a0s-ar fi convertit la\u00a0ortodoxism\u00a0cu ani \u00een urm\u0103. Totul s-a \u00eent\u00e2mplat \u00een urma prieteniei pe care acesta a legat-o cu un c\u0103lug\u0103r rom\u00e2n de pe Muntele Athos.<\/strong><\/p>\n\n\n\n<p>Potrivit informa\u021biilor oferite de revista Formula As, faptul c\u0103 Charles a trecut la ortodoxism nu a fost un gest surprinz\u0103tor pentru unele persoane, av\u00e2nd \u00een vedere faptul c\u0103 Prin\u0163ul Philip, so\u0163ul Reginei Elisabeta, care a decedat recent, \u015fi tat\u0103l lui Charles, a fost grec de religie ortodox\u0103, iar mama acestuia, prin\u0163esa Alice, bunica lui Charles, a fost c\u0103lug\u0103ri\u0163\u0103 ortodox\u0103.<\/p>\n\n\n\n<p>Prin\u021bul Charles \u0219i p\u0103rintele de origine rom\u00e2n\u0103, Dionisie Ignat, \u00eent\u00e2ist\u0103t\u0103torul chiliei Colciu, care \u021bine de Marea Lavr\u0103 Vatopedu s-ar fi cunoscut \u00een anul 2000, \u00een a patra zi dup\u0103 Pa\u0219te, \u00een miercurea luminat\u0103. Zi pe care Regele Charles nu o va putea uita.<\/p>\n\n\n\n<h2 class=\"wp-block-heading\"><strong>\u201eDe\u015fi era un duhovnic vestit \u015fi foarte c\u0103utat, b\u0103tr\u00e2nul Dionisie nu se seme\u0163ise\u201d<\/strong><\/h2>\n\n\n\n<p>\u201eEra a nou\u0103zeci \u015fi una oar\u0103 c\u00e2nd sfin\u021bia Sa pr\u0103znuia \u00cenvierea. Se \u00eenr\u0103d\u0103cinase cu totul \u00eentre pere\u0163ii chiliei, sfin\u0163ind-o cu metaniile \u015fi rug\u0103ciunile sale. \u00cen ultimii ani, Dumnezeu \u00eei pusese \u00eenainte o grea \u00eencercare.<\/p>\n\n\n\n<p>\u00ce\u015fi pierduse lumina ochilor, dar asta \u00eei ascu\u0163ise vederea l\u0103untric\u0103, a\u015fa c\u0103 era \u00een stare s\u0103 z\u0103reasc\u0103 acum, mai limpede ca niciodat\u0103, lumina lui Hristos care vine de dincolo de hotarele acestei lumi. De\u015fi era un duhovnic vestit \u015fi foarte c\u0103utat, b\u0103tr\u00e2nul Dionisie nu se seme\u0163ise. (\u2026) Dragostea aceasta avea s\u0103 schimbe \u015fi drumul prin vremuri al\u00a0<a href=\"https:\/\/www.infoactual.ro\/povestea-necunoscuta-a-sicriului-in-care-va-fi-inmormantata-regina-elisabeta-a-ii-a.html\">Prin\u0163ului Charles<\/a>\u2026 \u201d, scria revista Formula AS.<\/p>\n\n\n\n<figure class=\"wp-block-image size-large\"><img loading=\"lazy\" decoding=\"async\" width=\"758\" height=\"1024\" src=\"http:\/\/timesnews.ro\/wp-content\/uploads\/2022\/09\/charles-la-Muntele-Athos-cu-calugarii-1-758x1024.jpeg\" alt=\"\" class=\"wp-image-10324\" srcset=\"http:\/\/timesnews.ro\/wp-content\/uploads\/2022\/09\/charles-la-Muntele-Athos-cu-calugarii-1-758x1024.jpeg 758w, http:\/\/timesnews.ro\/wp-content\/uploads\/2022\/09\/charles-la-Muntele-Athos-cu-calugarii-1-222x300.jpeg 222w, http:\/\/timesnews.ro\/wp-content\/uploads\/2022\/09\/charles-la-Muntele-Athos-cu-calugarii-1-768x1038.jpeg 768w, http:\/\/timesnews.ro\/wp-content\/uploads\/2022\/09\/charles-la-Muntele-Athos-cu-calugarii-1-1137x1536.jpeg 1137w, http:\/\/timesnews.ro\/wp-content\/uploads\/2022\/09\/charles-la-Muntele-Athos-cu-calugarii-1.jpeg 1400w\" sizes=\"auto, (max-width: 758px) 100vw, 758px\" \/><\/figure>\n\n\n\n<h2 class=\"wp-block-heading\"><strong>\u201eB\u0103tr\u00e2nul a ie\u0219it \u00een \u00eent\u00e2mpinarea lui\u2026\u201d<\/strong><\/h2>\n\n\n\n<p>C\u0103lug\u0103rul a fost anun\u021bat c\u0103 prin\u021bul Charles, mo\u0219tenitorul Marii Britanii, dore\u0219te s\u0103-l cunoasc\u0103, iar acesta a ie\u0219it imediat \u00een \u00eent\u00e2mpinarea lui, extrem de bucuros \u0219i de emo\u021bionat. \u201cA\u015fa c\u0103 l-a \u00eent\u00e2mpinat cu mare bucurie \u015fi cu cinstea pe care o putea ar\u0103ta un copil de \u0163\u0103rani, n\u0103scut \u015fi crescut \u00een Rom\u00e2nia de dinainte de primul r\u0103zboi mondial, c\u00e2nd regele era cinstit imediat dup\u0103 Dumnezeu.\u201c<a rel=\"noreferrer noopener\" href=\"https:\/\/www.facebook.com\/infoactual.ro\" target=\"_blank\"><\/a><a href=\"https:\/\/www.infoactual.ro\/contact\"><\/a><a href=\"https:\/\/www.infoactual.ro\/printul-charles-prieten-cu-un-calugar-orb-de-pe-muntele-athos-datorita-monahului-s-a-convertit-la-ortodoxism.html#\"><\/a><\/p>\n\n\n\n<h2 class=\"wp-block-heading\"><strong>\u201eCei doi s-au legat unul de cel\u0103lalt pentru totdeauna\u201d<\/strong><\/h2>\n\n\n\n<p>Nimeni \u00een afar\u0103 de ei, nu a \u0219tiut ce anume au discutat ei, \u00eens\u0103 un lucru e cert: din acel moment s-au legat pentru totdeauna unul de cel\u0103lalt. \u201eApoi prin\u0163ul \u015fi b\u0103tr\u00e2nul monah s-au retras \u015fi au stat la sfat. Nimeni n-a aflat vreodat\u0103 ce au vorbit, dar dup\u0103 cum s-a dovedit mai t\u00e2rziu, cei doi s-au legat unul de cel\u0103lalt pentru totdeauna.<\/p>\n\n\n\n<p>La plecare, p\u0103rintele Dionisie Ignat l-a binecuv\u00e2ntat pe prin\u0163 \u015fi a rostit o rug\u0103ciune scurt\u0103, care nu era luat\u0103 din c\u0103r\u0163i, ci se izvodise \u00een inima lui: <\/p>\n\n\n\n<p>\u201eDoamne, Dumnezeule a toat\u0103 f\u0103ptura, binecuv\u00e2nteaz\u0103-l pe Charles, superior al Marii Britanii, care conduce un popor at\u00e2t de numeros, cu s\u0103n\u0103tate \u015fi \u00een\u0163elepciunea Ta, ca s\u0103 conduc\u0103 spre pacea a toat\u0103 lumea, c\u0103 a\u015fa vom c\u00e2nta \u015fi noi ca \u00eengerii care au c\u00e2ntat la na\u015fterea Ta: \u00abSlav\u0103 \u00eentru cei de sus lui Dumnezeu \u015fi pe p\u0103m\u00e2nt pace, \u00eentre oameni binevoire\u201d.<\/p>\n\n\n\n<h2 class=\"wp-block-heading\"><strong>\u201ePrintre cei 200 de c\u0103lug\u0103ri prezen\u0163i la \u00eenmorm\u00e2ntarea marelui duhovnic rom\u00e2n s-a aflat \u015fi el, Charles\u201d<\/strong><\/h2>\n\n\n\n<p>Din acel moment, Charles a revenit an de an pentru a lua binecuv\u00e2ntarea de la duhovnicul s\u0103u. At\u00e2t de puternic\u0103 a fost leg\u0103tura dintre cei doi c\u0103 actualul rege a fost prezent \u0219i la \u00eenmorm\u00e2ntarea p\u0103rintelui Dionisie. <\/p>\n\n\n\n<p>\u201eC\u00e2nd a auzit c\u0103 pov\u0103\u0163uitorul s\u0103u a murit, Charles s-a gr\u0103bit la \u00eenmorm\u00e2ntare, pentru c\u0103 \u00een Muntele Athos\u00a0<a href=\"https:\/\/www.infoactual.ro\/e-doliu-in-cinematografia-romaneasca-a-murit-valeria-seciu-una-dintre-marile-artiste-ale-tarii.html\">c\u0103lug\u0103rii<\/a>\u00a0se \u00eengroap\u0103 dup\u0103 o singur\u0103 zi.<\/p>\n\n\n\n<p>P\u0103rintele Dionisie a plecat dintre noi \u00een seara zilei de 11 mai a anului 2004. A doua zi diminea\u0163a, printre cei 200 de c\u0103lug\u0103ri prezen\u0163i la \u00eenmorm\u00e2ntarea marelui duhovnic rom\u00e2n s-a aflat \u015fi el, Charles, Prin\u0163 de Wales\u201d.<\/p>\n","protected":false},"excerpt":{"rendered":"<div class=\"mh-excerpt\"><p>Potrivit presei britanice,\u00a0regele Charles\u00a0s-ar fi convertit la\u00a0ortodoxism\u00a0cu ani \u00een urm\u0103. Totul s-a \u00eent\u00e2mplat \u00een urma prieteniei pe care acesta a legat-o cu un c\u0103lug\u0103r rom\u00e2n de pe Muntele Athos. Potrivit informa\u021biilor oferite de revista Formula As, faptul c\u0103 Charles a trecut la ortodoxism nu a <a class=\"mh-excerpt-more\" href=\"http:\/\/timesnews.ro\/?p=10321\" title=\"Leg\u0103tura Regelui Charles, cu un c\u0103lug\u0103r rom\u00e2n orb de pe Muntele Athos. Datorit\u0103 acestuia, el a trecut la ortodoxism\">[&#8230;]<\/a><\/p>\n<\/div>","protected":false},"author":1,"featured_media":10322,"comment_status":"open","ping_status":"open","sticky":false,"template":"","format":"standard","meta":{"footnotes":""},"categories":[91,141,119],"tags":[802,3309,4779,3230],"class_list":["post-10321","post","type-post","status-publish","format-standard","has-post-thumbnail","hentry","category-curiozitati","category-eveniment","category-la-zi","tag-athos","tag-calugar","tag-charles","tag-munte-athos"],"_links":{"self":[{"href":"http:\/\/timesnews.ro\/index.php?rest_route=\/wp\/v2\/posts\/10321","targetHints":{"allow":["GET"]}}],"collection":[{"href":"http:\/\/timesnews.ro\/index.php?rest_route=\/wp\/v2\/posts"}],"about":[{"href":"http:\/\/timesnews.ro\/index.php?rest_route=\/wp\/v2\/types\/post"}],"author":[{"embeddable":true,"href":"http:\/\/timesnews.ro\/index.php?rest_route=\/wp\/v2\/users\/1"}],"replies":[{"embeddable":true,"href":"http:\/\/timesnews.ro\/index.php?rest_route=%2Fwp%2Fv2%2Fcomments&post=10321"}],"version-history":[{"count":1,"href":"http:\/\/timesnews.ro\/index.php?rest_route=\/wp\/v2\/posts\/10321\/revisions"}],"predecessor-version":[{"id":10325,"href":"http:\/\/timesnews.ro\/index.php?rest_route=\/wp\/v2\/posts\/10321\/revisions\/10325"}],"wp:featuredmedia":[{"embeddable":true,"href":"http:\/\/timesnews.ro\/index.php?rest_route=\/wp\/v2\/media\/10322"}],"wp:attachment":[{"href":"http:\/\/timesnews.ro\/index.php?rest_route=%2Fwp%2Fv2%2Fmedia&parent=10321"}],"wp:term":[{"taxonomy":"category","embeddable":true,"href":"http:\/\/timesnews.ro\/index.php?rest_route=%2Fwp%2Fv2%2Fcategories&post=10321"},{"taxonomy":"post_tag","embeddable":true,"href":"http:\/\/timesnews.ro\/index.php?rest_route=%2Fwp%2Fv2%2Ftags&post=10321"}],"curies":[{"name":"wp","href":"https:\/\/api.w.org\/{rel}","templated":true}]}}