{"id":10308,"date":"2022-09-15T08:48:35","date_gmt":"2022-09-15T08:48:35","guid":{"rendered":"http:\/\/timesnews.ro\/?p=10308"},"modified":"2022-09-15T08:48:35","modified_gmt":"2022-09-15T08:48:35","slug":"bolile-romaniei-in-viziunea-actorului-florin-zamfirescu-minciuna-impostura-si-incultura","status":"publish","type":"post","link":"http:\/\/timesnews.ro\/?p=10308","title":{"rendered":"Bolile Rom\u00e2niei \u00een viziunea actorului Florin Zamfirescu: \u201eMinciuna, impostura \u0219i incultura!\u201d"},"content":{"rendered":"\n<p><strong>Actorul Florin Zamfirescu a fost invitat special la podcastul Rom\u00e2nia lui Cristache, \u0219i a f\u0103cut o radiografie dur\u0103 a societ\u0103\u021bii noastre de azi.<\/strong><\/p>\n\n\n\n<p>\u201eNoi am fost \u00eenv\u0103\u021ba\u021bi \u00een perioada comunismului cu minciuna ca adev\u0103r. P\u0103i minciuna pare cea mai nevinovat\u0103. \u0218i lui\u00a0Ceau\u0219escu\u00a0i se spuneau minciuni, c\u0103 produc\u021bia este at\u00e2t. E ca-n bancul \u0103la: \u00ab \u2013 C\u00e2\u021bi purcei a f\u0103tat scroafa? \u2013 10, tovar\u0103\u0219e Ceau\u0219escu! (Ea f\u0103tase doi.)\u2013 P\u0103i 8 r\u0103m\u00e2n popula\u021biei \u0219i 2 la export.\u00bb \u0218i asta era o minciun\u0103 \u00eengrozitoare pentru c\u0103 nu mai r\u0103m\u00e2nea nimic bietului popor. Murea de foame\u201d, a mai spus marele actor.<\/p>\n\n\n\n<p>Florin Zamfirescu \u00eel vede pe Ceau\u0219escu unul din principalii vinova\u021bi pentru declinul identitar \u0219i pentru exodul milioanelor de rom\u00e2ni, dup\u0103 Revolu\u021bie, scrie evz.ro.<\/p>\n\n\n\n<p><strong><em>\u201eCeau\u0219escu ne-a distrus, Ceau\u0219escu a pus cnutul pe noi, biciul. C\u0103 ne-a f\u0103cut ca \u00een 90 s\u0103 \u021b\u00e2\u0219nim ca pot\u00e2rnichile din Rom\u00e2nia, s\u0103 ne ducem unde vedem cu ochii, ca familia \u021binut\u0103 sub obroc de un p\u0103rinte be\u021biv \u0219i scandalagiu. A\u0219a a fost Ceau\u0219escu. Un nenorocit care \u0219i-a chinuit familia, iar c\u00e2nd el a murit, praful s-a ales\u201d,<\/em><\/strong> a mai spus\u00a0 marele actor.<\/p>\n\n\n\n<h2 class=\"wp-block-heading\">I<strong>liescu \u2013 \u201es\u0103rac \u0219i curat\u201d, dar la fel de vinovat?!<\/strong><\/h2>\n\n\n\n<p><strong><em>\u201eSe spune c\u0103 Iliescu a fost cel mai bun animal politic din Rom\u00e2nia. Adic\u0103 Iliescu \u0219tia politic\u0103. Iliescu, clar, nu a lucrat \u00een a\u0219a fel \u00eenc\u00e2t s\u0103 se \u00eembog\u0103\u021beasc\u0103. S\u0103rac \u0219i curat. Dar a\u0219 mai pune un cuv\u00e2nt l\u00e2ng\u0103 s\u0103rac \u0219i curat, pentru c\u0103 i-a l\u0103sat pe to\u021bi s\u0103 fac\u0103 ce vor, numai ca s\u0103-l lase pe el la putere. (\u2026) El putea s\u0103 se retrag\u0103 din povestea asta, s\u0103 nu preia conducerea, spun\u00e2nd c\u0103 a fost crescut de familia Ceau\u0219escu \u0219i ca orice copil \u00eenfiat, nu po\u021bi s\u0103 participi la omor\u00e2rea lor\u201d, <\/em><\/strong>e de p\u0103rere actorul.<\/p>\n\n\n\n<p>\u00cen urma celor doi, Rom\u00e2nia a mo\u0219tenit trei&nbsp;<a href=\"https:\/\/evz.ro\/tag\/boli\" target=\"_blank\" rel=\"noreferrer noopener\">boli<\/a>&nbsp;grele de care nu se poate vindeca.<\/p>\n\n\n\n<p><strong><em>\u201eMinciuna, impostura, incultura \u0219i promovarea inculturii de cei care au apucat s\u0103 fie \u00een frunte \u0219i sunt incul\u021bi. E o vorb\u0103 veche care spune c\u0103 at\u00e2ta timp c\u00e2t cei care produc trebuie s\u0103 ia aprob\u0103ri de la cei care nu fac nimic, societatea e \u00een deriv\u0103\u201d,<\/em><\/strong> a mai spus\u00a0<a rel=\"noreferrer noopener\" href=\"https:\/\/evz.ro\/tag\/florin-zamfirescu\" target=\"_blank\">Florin Zamfirescu<\/a>.<\/p>\n","protected":false},"excerpt":{"rendered":"<div class=\"mh-excerpt\"><p>Actorul Florin Zamfirescu a fost invitat special la podcastul Rom\u00e2nia lui Cristache, \u0219i a f\u0103cut o radiografie dur\u0103 a societ\u0103\u021bii noastre de azi. \u201eNoi am fost \u00eenv\u0103\u021ba\u021bi \u00een perioada comunismului cu minciuna ca adev\u0103r. P\u0103i minciuna pare cea mai nevinovat\u0103. \u0218i lui\u00a0Ceau\u0219escu\u00a0i se spuneau minciuni, <a class=\"mh-excerpt-more\" href=\"http:\/\/timesnews.ro\/?p=10308\" title=\"Bolile Rom\u00e2niei \u00een viziunea actorului Florin Zamfirescu: \u201eMinciuna, impostura \u0219i incultura!\u201d\">[&#8230;]<\/a><\/p>\n<\/div>","protected":false},"author":1,"featured_media":10309,"comment_status":"open","ping_status":"open","sticky":false,"template":"","format":"standard","meta":{"footnotes":""},"categories":[91,141,119],"tags":[4773,353,375],"class_list":["post-10308","post","type-post","status-publish","format-standard","has-post-thumbnail","hentry","category-curiozitati","category-eveniment","category-la-zi","tag-florin-zamfirescu","tag-romania","tag-vedeta"],"_links":{"self":[{"href":"http:\/\/timesnews.ro\/index.php?rest_route=\/wp\/v2\/posts\/10308","targetHints":{"allow":["GET"]}}],"collection":[{"href":"http:\/\/timesnews.ro\/index.php?rest_route=\/wp\/v2\/posts"}],"about":[{"href":"http:\/\/timesnews.ro\/index.php?rest_route=\/wp\/v2\/types\/post"}],"author":[{"embeddable":true,"href":"http:\/\/timesnews.ro\/index.php?rest_route=\/wp\/v2\/users\/1"}],"replies":[{"embeddable":true,"href":"http:\/\/timesnews.ro\/index.php?rest_route=%2Fwp%2Fv2%2Fcomments&post=10308"}],"version-history":[{"count":1,"href":"http:\/\/timesnews.ro\/index.php?rest_route=\/wp\/v2\/posts\/10308\/revisions"}],"predecessor-version":[{"id":10310,"href":"http:\/\/timesnews.ro\/index.php?rest_route=\/wp\/v2\/posts\/10308\/revisions\/10310"}],"wp:featuredmedia":[{"embeddable":true,"href":"http:\/\/timesnews.ro\/index.php?rest_route=\/wp\/v2\/media\/10309"}],"wp:attachment":[{"href":"http:\/\/timesnews.ro\/index.php?rest_route=%2Fwp%2Fv2%2Fmedia&parent=10308"}],"wp:term":[{"taxonomy":"category","embeddable":true,"href":"http:\/\/timesnews.ro\/index.php?rest_route=%2Fwp%2Fv2%2Fcategories&post=10308"},{"taxonomy":"post_tag","embeddable":true,"href":"http:\/\/timesnews.ro\/index.php?rest_route=%2Fwp%2Fv2%2Ftags&post=10308"}],"curies":[{"name":"wp","href":"https:\/\/api.w.org\/{rel}","templated":true}]}}