{"id":10267,"date":"2022-03-01T21:35:05","date_gmt":"2022-03-01T21:35:05","guid":{"rendered":"http:\/\/timesnews.ro\/?p=10267"},"modified":"2022-03-01T21:35:05","modified_gmt":"2022-03-01T21:35:05","slug":"fuego-pornesc-la-drum-si-va-astept-cu-drag-in-cadrul-turneului-te-regasesc-primavara","status":"publish","type":"post","link":"http:\/\/timesnews.ro\/?p=10267","title":{"rendered":"Fuego: \u201dPornesc la drum \u0219i v\u0103 a\u0219tept cu drag, \u00een cadrul turneului \u201dTe reg\u0103sesc, prim\u0103var\u0103!\u201d\u201d"},"content":{"rendered":"\n<p>Muzica este cea care ne salveaz\u0103 \u0219i ne alin\u0103 sufletele. Sunt bucuros c\u0103 am privilegiul de a v\u0103 aduce c\u00e2ntecul meu mai aproape \u0219i de a face ca toate g\u00e2ndurile voastre s\u0103 fie mai simple \u0219i mai frumoase, timp de dou\u0103 ore, la sala de spectacol. Dup\u0103 cum bine \u0219ti\u021bi, pornesc la drum \u0219i v\u0103 a\u0219tept cu drag, \u00een cadrul turneului \u201dTe reg\u0103sesc, prim\u0103var\u0103!\u201d, al\u0103turi de band-ul meu! Mai jos ave\u021bi lista ora\u0219elor actuale, iar m\u00e2ine voi anun\u021ba alte c\u00e2teva ora\u0219e mari \u00een care vom poposi la finalul lunii martie! Am premiere, am poezii, am dragoste \u0219i bucurii c\u00e2ntate pentru voi! \u0218i tot mai jos, \u00een poz\u0103, troneaz\u0103 m\u0103re\u021bul Palat al Culturii din Ia\u0219i, pe care am avut ocazia s\u0103-l rev\u0103d de cur\u00e2nd! V\u0103 iubesc!<\/p>\n\n\n\n<p>2 MARTIE \u2013 CONSTAN\u021aA \u2013 ORA 19.00 \u2013 Centrul Cultural \u201dJean Constantin\u201d \u2013&nbsp;<a rel=\"noreferrer noopener\" href=\"https:\/\/www.ticketstore.ro\/ro\/bilete\/2287\/fuego-band-te-regasesc-primavara-constanta-centrul-multifuncional-educativ-pentru-tineret-jean-constantin-constanta-2-martie-2022?fbclid=IwAR0GfmNdlnJzTubReoFp662bv1db4jzDUPmng4YKhHaTawv5lbuRZfzf-mk\" target=\"_blank\">https:\/\/www.ticketstore.ro\/\u2026\/fuego-band-te-regasesc\u2026<\/a><\/p>\n\n\n\n<p>3 MARTIE \u2013 PLOIE\u0218TI \u2013 ORA 19.00 \u2013 Casa de Cultur\u0103 a Sindicatelor Ploie\u0219ti \u2013&nbsp;<a rel=\"noreferrer noopener\" href=\"https:\/\/www.ticketstore.ro\/ro\/bilete\/2136\/fuego-band-te-regasesc-primavara-ploiesti-03-03-casa-de-cultura-a-sindicatelor-ploiesti-3-martie-2022?fbclid=IwAR1zkiCbbJ3AbB3Mm0xP75udmnaXjkWrvjOd33YIhACoopGCgbgvIZZWR6M\" target=\"_blank\">https:\/\/www.ticketstore.ro\/\u2026\/fuego-band-te-regasesc\u2026<\/a><\/p>\n\n\n\n<p>4 MARTIE \u2013 PITE\u0218TI \u2013 ORA 19.00 \u2013 Casa de Cultur\u0103 a Sindicatelor Pite\u0219ti \u2013&nbsp;<a rel=\"noreferrer noopener\" href=\"https:\/\/l.facebook.com\/l.php?u=https%3A%2F%2Fwww.ticketstore.ro%2Fro%2Fbilete%2F2495%2Ffuego-band-te-regasesc-primavara-pitesti-casa-de-cultura-a-sindicatelor-pitesti-4-martie-2022%3Ffbclid%3DIwAR3N2Jp-EB2bfDWWR654uohcqoNL4u9bndfRIiI7-p0ndUf3RjJPf6aRQzs&amp;h=AT2WSnXCfj2Mt-vVrKLuqOP7uzZTaNhbbUVNL7MmwD5oUtL45vfNJ3DhmhY6IqSIknMJuqcOm_DAk_gNovsNWkpmHgzsQL4DSvbFmEMqS-k8jSfkf-zUzDse6uso1bXhs1xxVYJl_FayZuuaj6Ou&amp;__tn__=-UK-R&amp;c[0]=AT3M4uikrg9wky_Id92d1C2w9mNQq7DtoLtZv6wlosdzCvkN2mXIPJmjRts6Kh0Ue4_Q_xA1gVp_lwOb09s7VpAWqJ136qpyaRMJi3aVXAMC9Uyoy5CJiLItF_MS7jCh-H1BYAsfcgT5AGe9TmzX6_wMin2HssJ99PE28kM-VjXU1A\" target=\"_blank\">https:\/\/www.ticketstore.ro\/\u2026\/fuego-band-te-regasesc\u2026<\/a><\/p>\n\n\n\n<p>5 MARTIE \u2013 FOC\u0218ANI \u2013 \u201dHANUL LUI URECHE\u201d, URECHE\u0218TI, ORA 18.00, REZERV\u0102RI LA 0740086870<\/p>\n\n\n\n<figure class=\"wp-block-image\"><img decoding=\"async\" src=\"https:\/\/revistavedetelor.ro\/wp-content\/uploads\/2022\/03\/afis-fuego-te-iubesc-primavara-717x1024.jpg\" alt=\"\" class=\"wp-image-17339\"\/><figcaption>Fuego, in turneu de martisor<\/figcaption><\/figure>\n\n\n\n<p>6 MARTIE \u2013 T\u00c2RGU OCNA \u2013 ORA 16.00 \u2013 RESTAURANT \u201dHAVANA\u201d, REZERV\u0102RI LA 0744669593 sau 0744108501<\/p>\n\n\n\n<p>7 MARTIE \u2013 PENSIUNEA TROIAN, PIATRA NEAM\u021a, ORA 19.00, REZERV\u0102RI LA TELEFON 0722300422 sau 0233241444<\/p>\n\n\n\n<p>8 MARTIE \u2013 T\u00c2RGOVI\u0218TE, ORA 18.00, CINEMATOGRAFUL INDEPENDEN\u021aA \/ BILETELE POT FI PROCURATE \u0218I DE LA TEATRUL \u201dTONY BULANDRA\u201d, DETALII LA 0374871823 \/ 0245210046<\/p>\n\n\n\n<p>8 MARTIE \u2013 BUCURE\u0218TI, ORA 19.00 \u2013 JUBILE CONCEPT, VOLUNTARI \u2013&nbsp;<a rel=\"noreferrer noopener\" href=\"https:\/\/www.iabilet.ro\/bilete-concert-fuego-71499\/?fbclid=IwAR063McLmm_0TdN9LU364lyqhTt0LerDpbHWrdgusOk7EfbKaptYrmGGZ0s\" target=\"_blank\">https:\/\/www.iabilet.ro\/bilete-concert-fuego-71499\/<\/a><\/p>\n\n\n\n<p>9 MARTIE \u2013 PIATRA NEAM\u021a, ORA 19.00, CASA DE CULTUR\u0102 A SINDICATELOR, DETALII LA 0746774204<\/p>\n\n\n\n<p>10 MARTIE \u2013 BOTO\u0218ANI, ORA 19.00, CASA DE CULTUR\u0102 A SINDICATELOR, DETALII LA 0746774204<\/p>\n\n\n\n<p>12 MARTIE \u2013 IA\u0218I, ORA 19.00, CASA DE CULTUR\u0102 A STUDEN\u021aILOR, DETALII LA 0746774204<\/p>\n\n\n\n<p>13 MARTIE \u2013 BAC\u0102U, ORA 19.00, FILARMONICA \u201dMIHAIL JORA\u201d, BAC\u0102U, SALA ATENEU, DETALII LA 0746774204<\/p>\n\n\n\n<figure class=\"wp-block-image\"><img decoding=\"async\" src=\"http:\/\/revistavedetelor.ro\/wp-content\/uploads\/2021\/02\/fuego-alta-610x1024.jpg\" alt=\"\" class=\"wp-image-16070\"\/><figcaption>Fuego<\/figcaption><\/figure>\n\n\n\n<p>E 1 martie \u0219i ve\u0219tile bune nu \u00eent\u00e2rzie s\u0103 apar\u0103! Ne vom re\u00eent\u00e2lni la sala de spectacol \u0219i la evenimente de poveste \u0219i la finalul lunii, \u00een alte opt ora\u0219e, pentru a aduce prim\u0103vara \u00een suflet \u0219i pentru a v\u0103 bucura cu melodii noi, \u0219lag\u0103re, versuri speciale \u0219i mult\u0103 emo\u021bie de dragoste. Voi fi al\u0103turi de band-ul meu, voi avea surprize \u0219i vom \u00eencerca s\u0103 ne deta\u0219\u0103m de tot ce ne \u00eenconjoar\u0103! V\u0103 a\u0219tept\u0103m cu drag s\u0103 ne fi\u021bi aproape! Mai jos, ave\u021bi datele, ora\u0219ele \u0219i informa\u021biile pentru a putea procura bilete! V\u0103 iubesc&nbsp;<a href=\"https:\/\/www.facebook.com\/hashtag\/paulsurugiufuego?__eep__=6&amp;__cft__[0]=AZUYteVmggxY16OxNE5l85dt6U0ZzNRVMEIGMDfbiPjWgROPVxttDkfmZDY_XqeyM4ZvI3Fce_EE4v7m_AQHrrsQhtXXIic1OxCVtBE8oWuF_P8PtOPvkeBlg4XAG-dNxhNKgw7INLMg_MRyz4_FhfdW&amp;__tn__=*NK-R\">#PaulSurugiuFuego<\/a><\/p>\n\n\n\n<p>25 MARTIE \u2013 GALA\u021aI, ORA 19.00, Teatrul Muzical \u201dNae Leonard\u201d, rezerv\u0103ri \u0219i detalii la 0236465599<\/p>\n\n\n\n<p>26 MARTIE \u2013 BUZ\u0102U, ORA 19.00, Teatrul \u201dGeorge Ciprian\u201d, rezerv\u0103ri \u0219i detalii la 0740496561<\/p>\n\n\n\n<p>27 MARTIE \u2013 C\u0102L\u0102RA\u0218I, ORA 19.00, CENTRU JUDE\u021aEAN DE CULTUR\u0102 \u0218I CREA\u021aIE C\u0102L\u0102RA\u0218I, SALA \u201dBARBU \u0218TIRBEY\u201d, rezerv\u0103ri \u0219i detalii la 0784202738<\/p>\n\n\n\n<p>28 MARTIE \u2013 BRA\u0218OV, TEATRUL \u201dSIC\u0102 ALEXANDRESCU\u201d, ORA 19.00 \u2013&nbsp;<a rel=\"noreferrer noopener\" href=\"https:\/\/www.ticketstore.ro\/ro\/bilete\/2567\/fuego-band-te-regasesc-primavara-brasov-teatrul-sica-alexandrescu-brasov-28-martie-2022?fbclid=IwAR1wkjQzMUXtOXFPfF1WE89COh6oSz_32k6MsZc4dcbdQXPEFOTgG8wksLk\" target=\"_blank\">https:\/\/www.ticketstore.ro\/\u2026\/fuego-band-te-regasesc\u2026<\/a><\/p>\n\n\n\n<p>29 MARTIE \u2013 BUCURE\u0218TI, SALA DALLES, ORA 19.00 \u2013&nbsp;<a rel=\"noreferrer noopener\" href=\"https:\/\/www.ticketstore.ro\/ro\/bilete\/2565\/fuego-band-te-regasesc-primavara-sala-dalles-bucuresti-29-martie-2022?fbclid=IwAR2NaOzKyLkaOGwc4bTTUPYbjYK4wNG62qa45DU7l6kXXos1p4wzcGthrr4\" target=\"_blank\">https:\/\/www.ticketstore.ro\/\u2026\/fuego-band-te-regasesc\u2026<\/a><\/p>\n\n\n\n<p>30 MARTIE \u2013 CURTEA DE ARGE\u0218, ORA 19.00, CASA DE CULTUR\u0102 \u0218I ARTE \u201dGEORGE TOP\u00c2RCEANU\u201d, rezerv\u0103ri \u0219i detalii 0753050139<\/p>\n\n\n\n<p>1 APRILIE \u2013 SL\u0102NIC MOLDOVA, RESTAURANT CASCADA, ORA 19.00, rezerv\u0103ri la 0752041505<\/p>\n\n\n\n<p>2 APRILIE \u2013 TIMI\u0218OARA, RESTAURANT AURORA, ORA 19.00, rezerv\u0103ri bilete la 0745551764<\/p>\n","protected":false},"excerpt":{"rendered":"<div class=\"mh-excerpt\"><p>Muzica este cea care ne salveaz\u0103 \u0219i ne alin\u0103 sufletele. Sunt bucuros c\u0103 am privilegiul de a v\u0103 aduce c\u00e2ntecul meu mai aproape \u0219i de a face ca toate g\u00e2ndurile voastre s\u0103 fie mai simple \u0219i mai frumoase, timp de dou\u0103 ore, la sala de <a class=\"mh-excerpt-more\" href=\"http:\/\/timesnews.ro\/?p=10267\" title=\"Fuego: \u201dPornesc la drum \u0219i v\u0103 a\u0219tept cu drag, \u00een cadrul turneului \u201dTe reg\u0103sesc, prim\u0103var\u0103!\u201d\u201d\">[&#8230;]<\/a><\/p>\n<\/div>","protected":false},"author":1,"featured_media":10053,"comment_status":"open","ping_status":"open","sticky":false,"template":"","format":"standard","meta":{"footnotes":""},"categories":[349,141,119,38],"tags":[3508,1200,56,4764,4765,3193],"class_list":["post-10267","post","type-post","status-publish","format-standard","has-post-thumbnail","hentry","category-calatorii","category-eveniment","category-la-zi","category-vedete","tag-astept","tag-drum","tag-fuego","tag-martisor","tag-te-regasesc-primavar","tag-turneu"],"_links":{"self":[{"href":"http:\/\/timesnews.ro\/index.php?rest_route=\/wp\/v2\/posts\/10267","targetHints":{"allow":["GET"]}}],"collection":[{"href":"http:\/\/timesnews.ro\/index.php?rest_route=\/wp\/v2\/posts"}],"about":[{"href":"http:\/\/timesnews.ro\/index.php?rest_route=\/wp\/v2\/types\/post"}],"author":[{"embeddable":true,"href":"http:\/\/timesnews.ro\/index.php?rest_route=\/wp\/v2\/users\/1"}],"replies":[{"embeddable":true,"href":"http:\/\/timesnews.ro\/index.php?rest_route=%2Fwp%2Fv2%2Fcomments&post=10267"}],"version-history":[{"count":1,"href":"http:\/\/timesnews.ro\/index.php?rest_route=\/wp\/v2\/posts\/10267\/revisions"}],"predecessor-version":[{"id":10268,"href":"http:\/\/timesnews.ro\/index.php?rest_route=\/wp\/v2\/posts\/10267\/revisions\/10268"}],"wp:featuredmedia":[{"embeddable":true,"href":"http:\/\/timesnews.ro\/index.php?rest_route=\/wp\/v2\/media\/10053"}],"wp:attachment":[{"href":"http:\/\/timesnews.ro\/index.php?rest_route=%2Fwp%2Fv2%2Fmedia&parent=10267"}],"wp:term":[{"taxonomy":"category","embeddable":true,"href":"http:\/\/timesnews.ro\/index.php?rest_route=%2Fwp%2Fv2%2Fcategories&post=10267"},{"taxonomy":"post_tag","embeddable":true,"href":"http:\/\/timesnews.ro\/index.php?rest_route=%2Fwp%2Fv2%2Ftags&post=10267"}],"curies":[{"name":"wp","href":"https:\/\/api.w.org\/{rel}","templated":true}]}}